{"id":124665,"date":"2026-04-17T17:05:27","date_gmt":"2026-04-17T15:05:27","guid":{"rendered":"https:\/\/www.afg.asso.fr\/?p=124665"},"modified":"2026-04-20T15:49:15","modified_gmt":"2026-04-20T13:49:15","slug":"fonds-de-dette-privee-avancees-reglementaires","status":"publish","type":"post","link":"https:\/\/www.afg.asso.fr\/fr\/fonds-de-dette-privee-avancees-reglementaires\/","title":{"rendered":"Fonds de dette priv\u00e9e &#8211; avanc\u00e9es r\u00e9glementaires"},"content":{"rendered":"\n<p>L\u2019AFG se f\u00e9licite des <strong>avanc\u00e9es r\u00e9glementaires r\u00e9centes pour les fonds de dette priv\u00e9e<\/strong>.<\/p>\n\n\n\n<ol class=\"wp-block-list\">\n<li><strong>La gestion et l\u2019octroi de pr\u00eat dans le cadre de mandat<\/strong><br>L\u2019AFG avait souhait\u00e9 que la <a href=\"https:\/\/www.amf-france.org\/fr\/actualites-publications\/actualites\/lamf-clarifie-sa-doctrine-sur-plusieurs-aspects-relatifs-aux-societes-de-gestion-de-portefeuille\"><strong>position-recommandation 2<\/strong><\/a><a href=\"https:\/\/www.amf-france.org\/fr\/actualites-publications\/actualites\/lamf-clarifie-sa-doctrine-sur-plusieurs-aspects-relatifs-aux-societes-de-gestion-de-portefeuille\" target=\"_blank\" rel=\"noreferrer noopener\"><strong>0<\/strong><\/a><a href=\"https:\/\/www.amf-france.org\/fr\/actualites-publications\/actualites\/lamf-clarifie-sa-doctrine-sur-plusieurs-aspects-relatifs-aux-societes-de-gestion-de-portefeuille\"><strong>12-19 <\/strong><\/a>soit modifi\u00e9e, visant \u00e0 permettre explicitement \u00e0 une soci\u00e9t\u00e9 de gestion de recevoir des mandats de gestion de cr\u00e9ances de pr\u00eats, comportant la possibilit\u00e9 de d\u00e9cider de l\u2019octroi de pr\u00eats pour le compte du pr\u00eateur. L\u2019objectif \u00e9tait de permettre d\u2019assurer une s\u00e9curit\u00e9 juridique pour cette pratique, visant les cas dans lesquels le pr\u00eateur et l\u2019emprunteur sont \u00e0 l\u2019\u00e9tranger situant donc cette pratique en dehors du monopole bancaire fran\u00e7ais.<\/li>\n<\/ol>\n\n\n\n<p class=\"has-border-background-color has-background\">Apr\u00e8s une consultation de la Place, la position-recommandation 2012-19 a \u00e9t\u00e9 modifi\u00e9e en cons\u00e9quence. L\u2019AFG se r\u00e9jouit de cette issue favorable \u00e0 la place de gestion.<\/p>\n\n\n\n<ol start=\"2\" class=\"wp-block-list\">\n<li><strong>Valorisation de la dette priv\u00e9e en fonds ouvert et ferm\u00e9<\/strong><br>Apr\u00e8s \u00e9changes avec l\u2019AFG, l\u2019AMF confirme que sur la valorisation de la dette priv\u00e9e l\u2019objectif est bien de laisser une certaine souplesse de m\u00e9thodologie entre fonds ferm\u00e9s et fonds ouverts.<\/li>\n<\/ol>\n\n\n\n<p class=\"has-border-background-color has-background\">Un m\u00eame actif peut donc \u00eatre valoris\u00e9 selon des m\u00e9thodes diff\u00e9rentes entre un fonds ouvert et un fonds ferm\u00e9.<\/p>\n\n\n\n<p class=\"has-white-background-color has-background\">Cette souplesse m\u00e9thodologique dans la m\u00e9thode de valorisation des actifs de dette priv\u00e9e doit cependant se faire selon un principe de coh\u00e9rence. Ainsi, d\u00e8s lors qu\u2019un risque de contrepartie augmente suffisamment (e.g. incertitude sur la capacit\u00e9 de remboursement de l\u2019emprunteur), ou qu\u2019il se mat\u00e9rialise, alors cela est pris en compte dans la valorisation de la dette priv\u00e9e, que le fonds soit ouvert ou ferm\u00e9.<\/p>\n\n\n\n<p><\/p>\n","protected":false},"excerpt":{"rendered":"<p>L\u2019AFG se f\u00e9licite des avanc\u00e9es r\u00e9glementaires r\u00e9centes pour les fonds de dette priv\u00e9e. Apr\u00e8s une consultation de la Place, la&hellip;<\/p>\n","protected":false},"author":35,"featured_media":124668,"comment_status":"closed","ping_status":"closed","sticky":false,"template":"","format":"standard","meta":{"_acf_changed":false,"_gspb_post_css":"","wds_primary_category":0,"footnotes":""},"categories":[5],"tags":[],"thematics":[723,722,129],"top_contenu":[568,44],"class_list":["post-124665","post","type-post","status-publish","format-standard","has-post-thumbnail","hentry","category-non-classifiee","thematics-dette-privee","thematics-octroi-de-pret","thematics-titrisation","top_contenu-top-contenu-commission-club","top_contenu-top-contenu-espace-membre"],"acf":[],"_links":{"self":[{"href":"https:\/\/www.afg.asso.fr\/fr\/wp-json\/wp\/v2\/posts\/124665","targetHints":{"allow":["GET"]}}],"collection":[{"href":"https:\/\/www.afg.asso.fr\/fr\/wp-json\/wp\/v2\/posts"}],"about":[{"href":"https:\/\/www.afg.asso.fr\/fr\/wp-json\/wp\/v2\/types\/post"}],"author":[{"embeddable":true,"href":"https:\/\/www.afg.asso.fr\/fr\/wp-json\/wp\/v2\/users\/35"}],"replies":[{"embeddable":true,"href":"https:\/\/www.afg.asso.fr\/fr\/wp-json\/wp\/v2\/comments?post=124665"}],"version-history":[{"count":0,"href":"https:\/\/www.afg.asso.fr\/fr\/wp-json\/wp\/v2\/posts\/124665\/revisions"}],"wp:featuredmedia":[{"embeddable":true,"href":"https:\/\/www.afg.asso.fr\/fr\/wp-json\/wp\/v2\/media\/124668"}],"wp:attachment":[{"href":"https:\/\/www.afg.asso.fr\/fr\/wp-json\/wp\/v2\/media?parent=124665"}],"wp:term":[{"taxonomy":"category","embeddable":true,"href":"https:\/\/www.afg.asso.fr\/fr\/wp-json\/wp\/v2\/categories?post=124665"},{"taxonomy":"post_tag","embeddable":true,"href":"https:\/\/www.afg.asso.fr\/fr\/wp-json\/wp\/v2\/tags?post=124665"},{"taxonomy":"thematics","embeddable":true,"href":"https:\/\/www.afg.asso.fr\/fr\/wp-json\/wp\/v2\/thematics?post=124665"},{"taxonomy":"top_contenu","embeddable":true,"href":"https:\/\/www.afg.asso.fr\/fr\/wp-json\/wp\/v2\/top_contenu?post=124665"}],"curies":[{"name":"wp","href":"https:\/\/api.w.org\/{rel}","templated":true}]}}