{"id":123989,"date":"2026-03-10T14:23:44","date_gmt":"2026-03-10T13:23:44","guid":{"rendered":"https:\/\/www.afg.asso.fr\/?p=123989"},"modified":"2026-03-10T16:08:36","modified_gmt":"2026-03-10T15:08:36","slug":"nominations-a-la-direction-generale-de-lafg","status":"publish","type":"post","link":"https:\/\/www.afg.asso.fr\/fr\/nominations-a-la-direction-generale-de-lafg\/","title":{"rendered":"Nominations \u00e0 la Direction g\u00e9n\u00e9rale de l&rsquo;AFG"},"content":{"rendered":"\n<p>\u00c0 la suite des annonces faites par Laure Delahousse lors du dernier Conseil d\u2019administration de l\u2019AFG, plusieurs \u00e9volutions ont \u00e9t\u00e9 act\u00e9es au sein de la Direction g\u00e9n\u00e9rale.<\/p>\n\n\n\n<p>Delphine de Chaisemartin, Directrice g\u00e9n\u00e9rale adjointe depuis ao\u00fbt 2023, est nomm\u00e9e Directrice g\u00e9n\u00e9rale d\u00e9l\u00e9gu\u00e9e. Elle a la responsabilit\u00e9 du Secr\u00e9tariat g\u00e9n\u00e9ral, de la Communication et des Affaires publiques europ\u00e9ennes et internationales.<\/p>\n\n\n\n<p>Adina Gurau-Audibert devient Directrice g\u00e9n\u00e9rale adjointe. Elle est en charge de la direction des Expertises, structur\u00e9e autour de 3 p\u00f4les&nbsp;: Distribution et relations clients, Gestion et management du risque et Affaires juridiques. Adina Gurau-Audibert a rejoint l\u2019AFG en juin 2009.<\/p>\n\n\n\n<p>Toutes deux assistent Laure Delahousse dans la mise en \u0153uvre de la strat\u00e9gie de l\u2019association, d\u00e9finie par le Pr\u00e9sident Philippe Setbon et approuv\u00e9e par le Conseil, afin de porter la voix de la gestion financi\u00e8re en France, en Europe et \u00e0 l\u2019international.<\/p>\n\n\n\n<p>Ces nominations sont effectives depuis le 1<sup>er<\/sup> mars 2026.<\/p>\n\n\n\n<figure class=\"wp-block-image size-large\"><img loading=\"lazy\" decoding=\"async\" width=\"1024\" height=\"449\" src=\"https:\/\/www.afg.asso.fr\/app\/uploads\/2026\/03\/Nominations_AFG-1024x449.png\" alt=\"\" class=\"wp-image-124000\" srcset=\"https:\/\/www.afg.asso.fr\/app\/uploads\/2026\/03\/Nominations_AFG-1024x449.png 1024w, https:\/\/www.afg.asso.fr\/app\/uploads\/2026\/03\/Nominations_AFG-300x132.png 300w, https:\/\/www.afg.asso.fr\/app\/uploads\/2026\/03\/Nominations_AFG-768x337.png 768w, https:\/\/www.afg.asso.fr\/app\/uploads\/2026\/03\/Nominations_AFG-1536x674.png 1536w, https:\/\/www.afg.asso.fr\/app\/uploads\/2026\/03\/Nominations_AFG-60x26.png 60w, https:\/\/www.afg.asso.fr\/app\/uploads\/2026\/03\/Nominations_AFG.png 1550w\" sizes=\"auto, (max-width: 1024px) 100vw, 1024px\" \/><\/figure>\n","protected":false},"excerpt":{"rendered":"<p>\u00c0 la suite des annonces faites par Laure Delahousse lors du dernier Conseil d\u2019administration de l\u2019AFG, plusieurs \u00e9volutions ont \u00e9t\u00e9&hellip;<\/p>\n","protected":false},"author":4906,"featured_media":124008,"comment_status":"closed","ping_status":"closed","sticky":false,"template":"","format":"standard","meta":{"_acf_changed":false,"_gspb_post_css":"","wds_primary_category":5,"footnotes":""},"categories":[5],"tags":[],"thematics":[],"top_contenu":[45],"class_list":["post-123989","post","type-post","status-publish","format-standard","has-post-thumbnail","hentry","category-non-classifiee","top_contenu-top-contenu-home-page"],"acf":[],"_links":{"self":[{"href":"https:\/\/www.afg.asso.fr\/fr\/wp-json\/wp\/v2\/posts\/123989","targetHints":{"allow":["GET"]}}],"collection":[{"href":"https:\/\/www.afg.asso.fr\/fr\/wp-json\/wp\/v2\/posts"}],"about":[{"href":"https:\/\/www.afg.asso.fr\/fr\/wp-json\/wp\/v2\/types\/post"}],"author":[{"embeddable":true,"href":"https:\/\/www.afg.asso.fr\/fr\/wp-json\/wp\/v2\/users\/4906"}],"replies":[{"embeddable":true,"href":"https:\/\/www.afg.asso.fr\/fr\/wp-json\/wp\/v2\/comments?post=123989"}],"version-history":[{"count":0,"href":"https:\/\/www.afg.asso.fr\/fr\/wp-json\/wp\/v2\/posts\/123989\/revisions"}],"wp:featuredmedia":[{"embeddable":true,"href":"https:\/\/www.afg.asso.fr\/fr\/wp-json\/wp\/v2\/media\/124008"}],"wp:attachment":[{"href":"https:\/\/www.afg.asso.fr\/fr\/wp-json\/wp\/v2\/media?parent=123989"}],"wp:term":[{"taxonomy":"category","embeddable":true,"href":"https:\/\/www.afg.asso.fr\/fr\/wp-json\/wp\/v2\/categories?post=123989"},{"taxonomy":"post_tag","embeddable":true,"href":"https:\/\/www.afg.asso.fr\/fr\/wp-json\/wp\/v2\/tags?post=123989"},{"taxonomy":"thematics","embeddable":true,"href":"https:\/\/www.afg.asso.fr\/fr\/wp-json\/wp\/v2\/thematics?post=123989"},{"taxonomy":"top_contenu","embeddable":true,"href":"https:\/\/www.afg.asso.fr\/fr\/wp-json\/wp\/v2\/top_contenu?post=123989"}],"curies":[{"name":"wp","href":"https:\/\/api.w.org\/{rel}","templated":true}]}}