{"id":123493,"date":"2026-02-04T17:18:08","date_gmt":"2026-02-04T16:18:08","guid":{"rendered":"https:\/\/www.afg.asso.fr\/?p=123493"},"modified":"2026-02-04T17:24:05","modified_gmt":"2026-02-04T16:24:05","slug":"transposition-aifm-les-travaux-en-cours-a-lafg","status":"publish","type":"post","link":"https:\/\/www.afg.asso.fr\/fr\/transposition-aifm-les-travaux-en-cours-a-lafg\/","title":{"rendered":"Transposition AIFM\u00a0: les travaux en cours \u00e0 l\u2019AFG"},"content":{"rendered":"\n<p>La nouvelle version des directives OPCVM et AIFM sera applicable en France \u00e0 compter du 16 avril 2026. Deux s\u00e9ries de travaux sont actuellement en cours, \u00e0 savoir&nbsp;:<\/p>\n\n\n\n<ul class=\"wp-block-list\">\n<li>Les travaux sur l\u2019ordonnance de transposition<\/li>\n\n\n\n<li>La finalisation d\u2019une FAQ relative aux modalit\u00e9s pratiques de s\u00e9lection des outils de gestion de la liquidit\u00e9&nbsp;<\/li>\n<\/ul>\n\n\n\n<p>1 &#8211; L\u2019AFG a r\u00e9pondu le 30 janvier \u00e0 une premi\u00e8re consultation relative \u00e0 l\u2019int\u00e9gration dans le code mon\u00e9taire et financier des principales modifications qui seront apport\u00e9es aux directives \u00e0 la gestion collective (OPCVM et FIA) par ordonnance et par d\u00e9cret. Le groupe de travail charg\u00e9 d\u2019analyser la proposition des autorit\u00e9s fran\u00e7aises s\u2019est essentiellement attach\u00e9 \u00e0 s\u2019assurer de la conformit\u00e9 de cette proposition avec la nouvelle directive pour \u00e9carter les risques de surtransposition notamment sur les sujets suivants&nbsp;:<\/p>\n\n\n\n<ol start=\"1\" class=\"wp-block-list\">\n<li>D\u00e9finition et champ d\u2019application des nouveaux outils de gestion de la liquidit\u00e9 et leurs conditions g\u00e9n\u00e9rales de mise en \u0153uvre&nbsp;;<\/li>\n\n\n\n<li>P\u00e9rim\u00e8tre des activit\u00e9s autoris\u00e9es pour les soci\u00e9t\u00e9s de gestion (activit\u00e9s compl\u00e9mentaires, octroi de pr\u00eat par les fonds,\u2026.)&nbsp;;<\/li>\n\n\n\n<li>Renforcement de la r\u00e8gle dite \u00ab&nbsp;des 4 yeux&nbsp;\u00bb (pr\u00e9sence \u00e0 temps plein de deux dirigeants effectifs).<\/li>\n<\/ol>\n\n\n\n<p>Les modalit\u00e9s d\u2019application de ces r\u00e8gles seront pr\u00e9cis\u00e9es dans des textes d\u2019application (R\u00e8glement g\u00e9n\u00e9ral de l\u2019AMF, instructions de l\u2019AMF). Ces \u00e9l\u00e9ments feront l\u2019objet d\u2019une prochaine consultation.<\/p>\n\n\n\n<p>2 &#8211; Modalit\u00e9s pratiques de s\u00e9lection des outils de gestion de la liquidit\u00e9&nbsp;<\/p>\n\n\n\n<p>La mise en place dans les fonds des deux outils de gestion de la liquidit\u00e9 pose de nombreuses questions pratiques aux soci\u00e9t\u00e9s de gestion. Afin d\u2019aider les acteurs \u00e0 mettre en place ce nouveau dispositif, un groupe de travail AFG a pr\u00e9par\u00e9 une FAQ, qui a \u00e9t\u00e9 transmise \u00e0 l\u2019AMF pour relecture avant de pouvoir \u00eatre largement diffus\u00e9e aux soci\u00e9t\u00e9s de gestion.<\/p>\n","protected":false},"excerpt":{"rendered":"<p>La nouvelle version des directives OPCVM et AIFM sera applicable en France \u00e0 compter du 16 avril 2026. Deux s\u00e9ries&hellip;<\/p>\n","protected":false},"author":2554,"featured_media":116126,"comment_status":"closed","ping_status":"closed","sticky":false,"template":"","format":"standard","meta":{"_acf_changed":true,"_gspb_post_css":"","wds_primary_category":5,"footnotes":""},"categories":[5],"tags":[],"thematics":[115],"top_contenu":[568,45],"class_list":["post-123493","post","type-post","status-publish","format-standard","has-post-thumbnail","hentry","category-non-classifiee","thematics-aifm","top_contenu-top-contenu-commission-club","top_contenu-top-contenu-home-page"],"acf":[],"_links":{"self":[{"href":"https:\/\/www.afg.asso.fr\/fr\/wp-json\/wp\/v2\/posts\/123493","targetHints":{"allow":["GET"]}}],"collection":[{"href":"https:\/\/www.afg.asso.fr\/fr\/wp-json\/wp\/v2\/posts"}],"about":[{"href":"https:\/\/www.afg.asso.fr\/fr\/wp-json\/wp\/v2\/types\/post"}],"author":[{"embeddable":true,"href":"https:\/\/www.afg.asso.fr\/fr\/wp-json\/wp\/v2\/users\/2554"}],"replies":[{"embeddable":true,"href":"https:\/\/www.afg.asso.fr\/fr\/wp-json\/wp\/v2\/comments?post=123493"}],"version-history":[{"count":0,"href":"https:\/\/www.afg.asso.fr\/fr\/wp-json\/wp\/v2\/posts\/123493\/revisions"}],"wp:featuredmedia":[{"embeddable":true,"href":"https:\/\/www.afg.asso.fr\/fr\/wp-json\/wp\/v2\/media\/116126"}],"wp:attachment":[{"href":"https:\/\/www.afg.asso.fr\/fr\/wp-json\/wp\/v2\/media?parent=123493"}],"wp:term":[{"taxonomy":"category","embeddable":true,"href":"https:\/\/www.afg.asso.fr\/fr\/wp-json\/wp\/v2\/categories?post=123493"},{"taxonomy":"post_tag","embeddable":true,"href":"https:\/\/www.afg.asso.fr\/fr\/wp-json\/wp\/v2\/tags?post=123493"},{"taxonomy":"thematics","embeddable":true,"href":"https:\/\/www.afg.asso.fr\/fr\/wp-json\/wp\/v2\/thematics?post=123493"},{"taxonomy":"top_contenu","embeddable":true,"href":"https:\/\/www.afg.asso.fr\/fr\/wp-json\/wp\/v2\/top_contenu?post=123493"}],"curies":[{"name":"wp","href":"https:\/\/api.w.org\/{rel}","templated":true}]}}