{"id":121669,"date":"2025-10-20T14:47:01","date_gmt":"2025-10-20T12:47:01","guid":{"rendered":"https:\/\/www.afg.asso.fr\/?p=121669"},"modified":"2025-10-20T15:08:40","modified_gmt":"2025-10-20T13:08:40","slug":"lafg-renforce-ses-liens-avec-laustralie","status":"publish","type":"post","link":"https:\/\/www.afg.asso.fr\/fr\/lafg-renforce-ses-liens-avec-laustralie\/","title":{"rendered":"L\u2019AFG renforce ses liens avec l\u2019Australie"},"content":{"rendered":"\n<p>Meeting avec IFM chez Business France le 16 octobre 2025<\/p>\n\n\n\n<p>En Australie, IFM :<\/p>\n\n\n\n<p>\u2022 &nbsp;Observe une forte croissance du syst\u00e8me de retraite australien en termes d&rsquo;actifs, de 2006 \u00e0 2023<\/p>\n\n\n\n<p>\u2022 Veut plus que doubler leurs &nbsp;investissements dans l&rsquo;UE, pour atteindre 260 milliards d&rsquo;euros d&rsquo;ici 2035<\/p>\n\n\n\n<p>\u2022 Constate que leurs investissements sur les march\u00e9s publics dominent, tandis que leurs investissements sur les march\u00e9s priv\u00e9s, d\u00e9j\u00e0 significatifs, sont en pleine croissance<\/p>\n\n\n\n<p>En France, IFM&nbsp;:<\/p>\n\n\n\n<p>\u2022 Acc\u00e9l\u00e8re le d\u00e9veloppement de contacts strat\u00e9giques, y compris dans le domaine de la transition \u00e9nerg\u00e9tique<\/p>\n\n\n\n<p>\u2022 Souhaite investir en direct ou via des fonds et reste tr\u00e8s flexible \u00e0 ce stade<\/p>\n\n\n\n<p>\u2022 Envisage d&rsquo;investir dans des partenariats et des soci\u00e9t\u00e9s notamment de gestion, en fonction des opportunit\u00e9s de march\u00e9<\/p>\n\n\n\n<p>Contact : Virginie Buey \u2013\u00a0<a href=\"mailto:v.buey@afg.asso.fr\" target=\"_blank\" rel=\"noreferrer noopener\"><strong>v.buey@afg.asso.fr<\/strong><\/a><\/p>\n","protected":false},"excerpt":{"rendered":"<p>Meeting avec IFM chez Business France le 16 octobre 2025 En Australie, IFM : \u2022 &nbsp;Observe une forte croissance du&hellip;<\/p>\n","protected":false},"author":2554,"featured_media":120484,"comment_status":"closed","ping_status":"closed","sticky":false,"template":"","format":"standard","meta":{"_acf_changed":false,"_gspb_post_css":"","wds_primary_category":5,"footnotes":""},"categories":[5],"tags":[],"thematics":[649,177],"top_contenu":[568,44],"class_list":["post-121669","post","type-post","status-publish","format-standard","has-post-thumbnail","hentry","category-non-classifiee","thematics-club-export","thematics-promotion_internationale","top_contenu-top-contenu-commission-club","top_contenu-top-contenu-espace-membre"],"acf":[],"_links":{"self":[{"href":"https:\/\/www.afg.asso.fr\/fr\/wp-json\/wp\/v2\/posts\/121669","targetHints":{"allow":["GET"]}}],"collection":[{"href":"https:\/\/www.afg.asso.fr\/fr\/wp-json\/wp\/v2\/posts"}],"about":[{"href":"https:\/\/www.afg.asso.fr\/fr\/wp-json\/wp\/v2\/types\/post"}],"author":[{"embeddable":true,"href":"https:\/\/www.afg.asso.fr\/fr\/wp-json\/wp\/v2\/users\/2554"}],"replies":[{"embeddable":true,"href":"https:\/\/www.afg.asso.fr\/fr\/wp-json\/wp\/v2\/comments?post=121669"}],"version-history":[{"count":0,"href":"https:\/\/www.afg.asso.fr\/fr\/wp-json\/wp\/v2\/posts\/121669\/revisions"}],"wp:featuredmedia":[{"embeddable":true,"href":"https:\/\/www.afg.asso.fr\/fr\/wp-json\/wp\/v2\/media\/120484"}],"wp:attachment":[{"href":"https:\/\/www.afg.asso.fr\/fr\/wp-json\/wp\/v2\/media?parent=121669"}],"wp:term":[{"taxonomy":"category","embeddable":true,"href":"https:\/\/www.afg.asso.fr\/fr\/wp-json\/wp\/v2\/categories?post=121669"},{"taxonomy":"post_tag","embeddable":true,"href":"https:\/\/www.afg.asso.fr\/fr\/wp-json\/wp\/v2\/tags?post=121669"},{"taxonomy":"thematics","embeddable":true,"href":"https:\/\/www.afg.asso.fr\/fr\/wp-json\/wp\/v2\/thematics?post=121669"},{"taxonomy":"top_contenu","embeddable":true,"href":"https:\/\/www.afg.asso.fr\/fr\/wp-json\/wp\/v2\/top_contenu?post=121669"}],"curies":[{"name":"wp","href":"https:\/\/api.w.org\/{rel}","templated":true}]}}