{"id":121158,"date":"2025-10-01T16:06:30","date_gmt":"2025-10-01T14:06:30","guid":{"rendered":"https:\/\/www.afg.asso.fr\/?p=121158"},"modified":"2025-10-01T16:06:33","modified_gmt":"2025-10-01T14:06:33","slug":"lafg-consultation-efrag-simplification-des-esrs","status":"publish","type":"post","link":"https:\/\/www.afg.asso.fr\/fr\/lafg-consultation-efrag-simplification-des-esrs\/","title":{"rendered":"L&rsquo;AFG r\u00e9pond \u00e0 la consultation de l&rsquo;EFRAG sur la simplification des ESRS"},"content":{"rendered":"\n<p>L&rsquo;AFG a r\u00e9pondu le 29 septembre \u00e0 la consultation lanc\u00e9e par l&rsquo;EFRAG sur la simplification des ESRS. Cette consultation s&rsquo;inscrit dans la directive Omnibus (CSRD\/CS3D\/Taxonomie) dans le but de simplifier les exigences de publication des rapports de durabilit\u00e9.<\/p>\n\n\n\n<p>Vous trouverez <a href=\"https:\/\/www.afg.asso.fr\/fr\/publication\/lafg-repond-a-la-consultation-de-lefrag-sur-la-simplification-des-esrs\/\" data-type=\"link\" data-id=\"https:\/\/www.afg.asso.fr\/fr\/publication\/lafg-repond-a-la-consultation-de-lefrag-sur-la-simplification-des-esrs\/\">ici la r\u00e9ponse de l&rsquo;AFG.\u00a0<\/a><\/p>\n\n\n\n<p>L\u2019AFG accueille favorablement les simplifications de l\u2019EFRAG qui&nbsp;d\u2019ailleurs&nbsp;sont align\u00e9es avec&nbsp;les recommandations de diminution drastique du nombre des indicateurs exprim\u00e9es par les membres de l\u2019AFG.&nbsp;L\u2019AFG&nbsp;attire&nbsp;l\u2019attention des parties prenantes sur le fait que la simplification ne doit pas sous-entendre ni une trop grande flexibilit\u00e9 pour les acteurs&nbsp;qui&nbsp;reportent,&nbsp;ni&nbsp;une interpr\u00e9tation diff\u00e9rente,&nbsp;notamment entre les pr\u00e9parateurs et les auditeurs.<\/p>\n\n\n\n<p>o&nbsp;&nbsp; &nbsp;Notion de&nbsp;<em><u>Fair presentation&nbsp;<\/u><\/em>:&nbsp;si&nbsp;l\u2019ajout&nbsp;de&nbsp;cette notion&nbsp;insuffisamment clarifi\u00e9e&nbsp;\u00e0 ce stade&nbsp;devait persister,&nbsp;il est indispensable&nbsp;de la pr\u00e9ciser. Ceci&nbsp;pour \u00e9viter&nbsp;en pratique&nbsp;des interpr\u00e9tations divergentes&nbsp;entre les pr\u00e9parateurs, les utilisateurs et les auditeurs.<\/p>\n\n\n\n<p>o&nbsp;&nbsp; &nbsp;Approche brute vs nette&nbsp;:&nbsp;favorable \u00e0 une approche brute des informations publi\u00e9es, ie avant les actions de rem\u00e9diation,&nbsp;pour une approche plus transparente (le net pouvant \u00eatre d\u00e9riv\u00e9 du brut).<\/p>\n\n\n\n<p>o&nbsp;&nbsp; &nbsp;Effets financiers anticip\u00e9s&nbsp;:&nbsp;en principe,&nbsp;favorable \u00e0 de la donn\u00e9e quantitative sur les effets financiers anticip\u00e9s. N\u00e9anmoins, conscients&nbsp;de la difficult\u00e9 pour les entreprises \u00e0 publier une telle information en l\u2019absence de m\u00e9thodologie&nbsp;commune, une approche graduelle pourrait \u00eatre mise en place (en commen\u00e7ant par le&nbsp;climat).&nbsp;L\u2019AFG sugg\u00e8re&nbsp;que&nbsp;la Commission Europ\u00e9enne&nbsp;\u0153uvre pour proposer&nbsp;une m\u00e9thodologie ad\u00e9quate.<\/p>\n\n\n\n<p>o&nbsp;&nbsp; &nbsp;Autres points importants&nbsp;:<\/p>\n\n\n\n<ul class=\"wp-block-list\">\n<li>Favorable \u00e0 l\u2019interop\u00e9rabilit\u00e9\u00a0entre standards,\u00a0mais tout en conservant la philosophie de la CSRD.<\/li>\n\n\n\n<li>Par souci de simplification, favorable \u00e0 la\u00a0publication des objectifs d\u2019\u00e9missions en intensit\u00e9 plut\u00f4t qu\u2019en valeur absolue.<\/li>\n\n\n\n<li>N\u00e9cessit\u00e9 d\u2019une coh\u00e9rence des textes du cadre de la finance durable, notamment SFDR.<\/li>\n\n\n\n<li>Contre la suppression\u00a0de la d\u00e9finition de Net Zero Target : comme le souligne l\u2019AMF, il est important de maintenir cette d\u00e9finition notamment en raison de l\u2019utilisation accrue de la notion dans les diff\u00e9rents canaux de communication.<\/li>\n<\/ul>\n\n\n\n<p>L&rsquo;EFRAG doit soumettre ses propositions \u00e0 la Commission Europ\u00e9enne d&rsquo;ici la fin du mois de novembre.<\/p>\n","protected":false},"excerpt":{"rendered":"<p>L&rsquo;AFG a r\u00e9pondu le 29 septembre \u00e0 la consultation lanc\u00e9e par l&rsquo;EFRAG sur la simplification des ESRS. Cette consultation s&rsquo;inscrit&hellip;<\/p>\n","protected":false},"author":2554,"featured_media":116803,"comment_status":"closed","ping_status":"closed","sticky":false,"template":"","format":"standard","meta":{"_acf_changed":false,"_gspb_post_css":"","wds_primary_category":5,"footnotes":""},"categories":[5],"tags":[],"thematics":[581,41],"top_contenu":[568,44,45],"class_list":["post-121158","post","type-post","status-publish","format-standard","has-post-thumbnail","hentry","category-non-classifiee","thematics-csrd","thematics-finance-durable","top_contenu-top-contenu-commission-club","top_contenu-top-contenu-espace-membre","top_contenu-top-contenu-home-page"],"acf":[],"_links":{"self":[{"href":"https:\/\/www.afg.asso.fr\/fr\/wp-json\/wp\/v2\/posts\/121158","targetHints":{"allow":["GET"]}}],"collection":[{"href":"https:\/\/www.afg.asso.fr\/fr\/wp-json\/wp\/v2\/posts"}],"about":[{"href":"https:\/\/www.afg.asso.fr\/fr\/wp-json\/wp\/v2\/types\/post"}],"author":[{"embeddable":true,"href":"https:\/\/www.afg.asso.fr\/fr\/wp-json\/wp\/v2\/users\/2554"}],"replies":[{"embeddable":true,"href":"https:\/\/www.afg.asso.fr\/fr\/wp-json\/wp\/v2\/comments?post=121158"}],"version-history":[{"count":0,"href":"https:\/\/www.afg.asso.fr\/fr\/wp-json\/wp\/v2\/posts\/121158\/revisions"}],"wp:featuredmedia":[{"embeddable":true,"href":"https:\/\/www.afg.asso.fr\/fr\/wp-json\/wp\/v2\/media\/116803"}],"wp:attachment":[{"href":"https:\/\/www.afg.asso.fr\/fr\/wp-json\/wp\/v2\/media?parent=121158"}],"wp:term":[{"taxonomy":"category","embeddable":true,"href":"https:\/\/www.afg.asso.fr\/fr\/wp-json\/wp\/v2\/categories?post=121158"},{"taxonomy":"post_tag","embeddable":true,"href":"https:\/\/www.afg.asso.fr\/fr\/wp-json\/wp\/v2\/tags?post=121158"},{"taxonomy":"thematics","embeddable":true,"href":"https:\/\/www.afg.asso.fr\/fr\/wp-json\/wp\/v2\/thematics?post=121158"},{"taxonomy":"top_contenu","embeddable":true,"href":"https:\/\/www.afg.asso.fr\/fr\/wp-json\/wp\/v2\/top_contenu?post=121158"}],"curies":[{"name":"wp","href":"https:\/\/api.w.org\/{rel}","templated":true}]}}