{"id":121126,"date":"2025-09-30T16:48:26","date_gmt":"2025-09-30T14:48:26","guid":{"rendered":"https:\/\/www.afg.asso.fr\/?p=121126"},"modified":"2025-09-30T16:50:04","modified_gmt":"2025-09-30T14:50:04","slug":"afg-renforce-ses-liens-avec-inde","status":"publish","type":"post","link":"https:\/\/www.afg.asso.fr\/fr\/afg-renforce-ses-liens-avec-inde\/","title":{"rendered":"L\u2019AFG renforce ses liens avec l\u2019Inde"},"content":{"rendered":"\n<p>Le Club export de l\u2019AFG a rencontr\u00e9 les Autorit\u00e9s de March\u00e9 indiennes &#8211; la SEBI \u2013 the Securities and Exchange Board of India &#8211; le vendredi 26 octobre.<\/p>\n\n\n\n<p>March\u00e9 difficile d\u2019acc\u00e8s, le Club Export et la SEBI ont r\u00e9fl\u00e9chi aux moyens op\u00e9rationnels de renforcer leurs liens, de communiquer avec efficacit\u00e9 sur les difficult\u00e9s rencontr\u00e9es par les asset-managers fran\u00e7ais et de participer \u00e0 l\u2019\u00e9laboration d\u2019une r\u00e9glementation indienne correspondant aux meilleurs standards internationaux.<\/p>\n\n\n\n<p>Contact : Virginie Buey &#8211; <a href=\"mailto:v.buey@afg.asso.fr\" target=\"_blank\" rel=\"noreferrer noopener\"><strong>v.buey@afg.asso.fr<\/strong><\/a><\/p>\n\n\n\n<p><\/p>\n","protected":false},"excerpt":{"rendered":"<p>Le Club export de l\u2019AFG a rencontr\u00e9 les Autorit\u00e9s de March\u00e9 indiennes &#8211; la SEBI \u2013 the Securities and Exchange&hellip;<\/p>\n","protected":false},"author":4541,"featured_media":120484,"comment_status":"closed","ping_status":"closed","sticky":false,"template":"","format":"standard","meta":{"_acf_changed":false,"_gspb_post_css":"","wds_primary_category":5,"footnotes":""},"categories":[5],"tags":[],"thematics":[649,177],"top_contenu":[],"class_list":["post-121126","post","type-post","status-publish","format-standard","has-post-thumbnail","hentry","category-non-classifiee","thematics-club-export","thematics-promotion_internationale"],"acf":[],"_links":{"self":[{"href":"https:\/\/www.afg.asso.fr\/fr\/wp-json\/wp\/v2\/posts\/121126","targetHints":{"allow":["GET"]}}],"collection":[{"href":"https:\/\/www.afg.asso.fr\/fr\/wp-json\/wp\/v2\/posts"}],"about":[{"href":"https:\/\/www.afg.asso.fr\/fr\/wp-json\/wp\/v2\/types\/post"}],"author":[{"embeddable":true,"href":"https:\/\/www.afg.asso.fr\/fr\/wp-json\/wp\/v2\/users\/4541"}],"replies":[{"embeddable":true,"href":"https:\/\/www.afg.asso.fr\/fr\/wp-json\/wp\/v2\/comments?post=121126"}],"version-history":[{"count":0,"href":"https:\/\/www.afg.asso.fr\/fr\/wp-json\/wp\/v2\/posts\/121126\/revisions"}],"wp:featuredmedia":[{"embeddable":true,"href":"https:\/\/www.afg.asso.fr\/fr\/wp-json\/wp\/v2\/media\/120484"}],"wp:attachment":[{"href":"https:\/\/www.afg.asso.fr\/fr\/wp-json\/wp\/v2\/media?parent=121126"}],"wp:term":[{"taxonomy":"category","embeddable":true,"href":"https:\/\/www.afg.asso.fr\/fr\/wp-json\/wp\/v2\/categories?post=121126"},{"taxonomy":"post_tag","embeddable":true,"href":"https:\/\/www.afg.asso.fr\/fr\/wp-json\/wp\/v2\/tags?post=121126"},{"taxonomy":"thematics","embeddable":true,"href":"https:\/\/www.afg.asso.fr\/fr\/wp-json\/wp\/v2\/thematics?post=121126"},{"taxonomy":"top_contenu","embeddable":true,"href":"https:\/\/www.afg.asso.fr\/fr\/wp-json\/wp\/v2\/top_contenu?post=121126"}],"curies":[{"name":"wp","href":"https:\/\/api.w.org\/{rel}","templated":true}]}}