{"id":118451,"date":"2025-07-18T10:37:18","date_gmt":"2025-07-18T08:37:18","guid":{"rendered":"https:\/\/www.afg.asso.fr\/?p=118451"},"modified":"2025-07-18T10:37:21","modified_gmt":"2025-07-18T08:37:21","slug":"collecte-29lec-de-lamf","status":"publish","type":"post","link":"https:\/\/www.afg.asso.fr\/fr\/collecte-29lec-de-lamf\/","title":{"rendered":"Evolution de la collecte d&rsquo;information 29LEC de l&rsquo;AMF"},"content":{"rendered":"\n<p>L\u2019AMF a partag\u00e9 aux associations de Place les \u00e9volutions envisag\u00e9es quant \u00e0 la collecte AMF des donn\u00e9es issues du 29LEC.<\/p>\n\n\n\n<p>Pour m\u00e9moire, dans le cadre du d\u00e9cret n\u00b0 2021-663 du 27 mai 2021, dit \u00ab d\u00e9cret 29LEC \u00bb, l&rsquo;AMF collecte depuis 2023 des annexes de donn\u00e9es par le biais d\u2019une campagne annuelle ROSA. Cette collecte avait pour objet de permettre l\u2019exploitation large d\u2019informations norm\u00e9es et structur\u00e9es qui sont diss\u00e9min\u00e9es dans les rapports des acteurs, notamment \u00e0 des fins de contribution aux bilans d\u2019application du d\u00e9cret du Gouvernement pr\u00e9vus dans le d\u00e9cret.<\/p>\n\n\n\n<p>Dans une optique d\u2019<strong>all\u00e9gement cibl\u00e9 des collectes aupr\u00e8s des acteurs, les services de l\u2019AMF ont propos\u00e9 de suspendre cette collecte d\u2019informations en dehors des ann\u00e9es la requ\u00e9rant \u00e0 des fins de contribution \u00e0 un bilan d\u2019application du d\u00e9cret<\/strong> par le Gouvernement, non pr\u00e9vu \u00e0 br\u00e8ve \u00e9ch\u00e9ance.<\/p>\n\n\n\n<p>Le cas \u00e9ch\u00e9ant, l\u2019AMF lancerait cette collecte pour r\u00e9pondre \u00e0 ce besoin, \u00e0 condition d\u2019avoir \u00e9t\u00e9 inform\u00e9e par les services de la DG Tr\u00e9sor et du minist\u00e8re de la Transition \u00e9cologique au moins 9 \u00e0 10 mois avant le bilan d\u2019application. Cela permettrait aussi de donner aux entit\u00e9s concern\u00e9es une visibilit\u00e9 suffisante sur la collecte \u00e0 venir.<\/p>\n\n\n\n<p class=\"has-white-color has-blue-background-color has-text-color has-background has-link-color wp-elements-f1607773d4e70661b7675a884b537dd7\"><strong>L\u2019AMF a valid\u00e9 cette proposition d\u2019am\u00e9nagement du dispositif. En cons\u00e9quence, l\u2019AMF ne m\u00e8nera pas sa collecte annuelle 29 LEC en 2025.<\/strong><\/p>\n\n\n\n<p>S\u2019agissant des rapports 29 LEC, l\u2019AMF rappelle que les instructions AMF DOC 2008-03 et DOC 2014-01 pr\u00e9voient que \u00ab <em><strong>Le rapport annuel communiqu\u00e9 [\u2026] \u00e0 l&rsquo;Agence de l&rsquo;environnement et de la ma\u00eetrise de l&rsquo;\u00e9nergie [\u2026] vaut remise \u00e0 l&rsquo;AMF du rapport annuel requis en application des articles 319-28 et 321-135-1 du r\u00e8glement g\u00e9n\u00e9ral de l&rsquo;AMF <\/strong><\/em>[respectivement de l\u2019article 314-32] \u00bb. <strong>Ce dispositif de collecte des rapports 29 LEC est quant \u00e0 lui inchang\u00e9.<\/strong><\/p>\n\n\n\n<p><\/p>\n","protected":false},"excerpt":{"rendered":"<p>L\u2019AMF a partag\u00e9 aux associations de Place les \u00e9volutions envisag\u00e9es quant \u00e0 la collecte AMF des donn\u00e9es issues du 29LEC.&hellip;<\/p>\n","protected":false},"author":35,"featured_media":115363,"comment_status":"closed","ping_status":"closed","sticky":false,"template":"","format":"standard","meta":{"_acf_changed":false,"_gspb_post_css":"","wds_primary_category":0,"footnotes":""},"categories":[5],"tags":[],"thematics":[41,42],"top_contenu":[568,45],"class_list":["post-118451","post","type-post","status-publish","format-standard","has-post-thumbnail","hentry","category-non-classifiee","thematics-finance-durable","thematics-reporting","top_contenu-top-contenu-commission-club","top_contenu-top-contenu-home-page"],"acf":[],"_links":{"self":[{"href":"https:\/\/www.afg.asso.fr\/fr\/wp-json\/wp\/v2\/posts\/118451","targetHints":{"allow":["GET"]}}],"collection":[{"href":"https:\/\/www.afg.asso.fr\/fr\/wp-json\/wp\/v2\/posts"}],"about":[{"href":"https:\/\/www.afg.asso.fr\/fr\/wp-json\/wp\/v2\/types\/post"}],"author":[{"embeddable":true,"href":"https:\/\/www.afg.asso.fr\/fr\/wp-json\/wp\/v2\/users\/35"}],"replies":[{"embeddable":true,"href":"https:\/\/www.afg.asso.fr\/fr\/wp-json\/wp\/v2\/comments?post=118451"}],"version-history":[{"count":0,"href":"https:\/\/www.afg.asso.fr\/fr\/wp-json\/wp\/v2\/posts\/118451\/revisions"}],"wp:featuredmedia":[{"embeddable":true,"href":"https:\/\/www.afg.asso.fr\/fr\/wp-json\/wp\/v2\/media\/115363"}],"wp:attachment":[{"href":"https:\/\/www.afg.asso.fr\/fr\/wp-json\/wp\/v2\/media?parent=118451"}],"wp:term":[{"taxonomy":"category","embeddable":true,"href":"https:\/\/www.afg.asso.fr\/fr\/wp-json\/wp\/v2\/categories?post=118451"},{"taxonomy":"post_tag","embeddable":true,"href":"https:\/\/www.afg.asso.fr\/fr\/wp-json\/wp\/v2\/tags?post=118451"},{"taxonomy":"thematics","embeddable":true,"href":"https:\/\/www.afg.asso.fr\/fr\/wp-json\/wp\/v2\/thematics?post=118451"},{"taxonomy":"top_contenu","embeddable":true,"href":"https:\/\/www.afg.asso.fr\/fr\/wp-json\/wp\/v2\/top_contenu?post=118451"}],"curies":[{"name":"wp","href":"https:\/\/api.w.org\/{rel}","templated":true}]}}