{"id":117656,"date":"2025-06-18T08:10:00","date_gmt":"2025-06-18T06:10:00","guid":{"rendered":"https:\/\/www.afg.asso.fr\/?p=117656"},"modified":"2025-06-19T15:03:20","modified_gmt":"2025-06-19T13:03:20","slug":"omnibus-position-sur-csrd-taxonomie","status":"publish","type":"post","link":"https:\/\/www.afg.asso.fr\/fr\/omnibus-position-sur-csrd-taxonomie\/","title":{"rendered":"Omnibus : l\u2019AFG met \u00e0 jour sa position sur CSRD\/Taxonomie\u00a0"},"content":{"rendered":"\n<p>Depuis plusieurs mois, la Commission europ\u00e9enne travaille sur le projet de loi Omnibus, qui vise \u00e0 modifier plusieurs textes majeurs du cadre r\u00e9glementaire en mati\u00e8re de finance durable : la directive CSRD (Corporate Sustainability Reporting Directive), la directive CS3D (Corporate Sustainability Due Diligence Directive) ainsi que le r\u00e8glement sur la taxonomie. L\u2019objectif principal qui sous-tend ce texte est de simplifier et d\u2019all\u00e9ger les obligations de reporting des entreprises europ\u00e9ennes, tout en assurant une meilleure lisibilit\u00e9 et efficacit\u00e9 du cadre r\u00e9glementaire.<\/p>\n\n\n\n<p>L\u2019AFG s\u2019engage activement dans les \u00e9changes de place afin de privil\u00e9gier le dialogue \u00e9metteur-investisseur pour engager une simplification pertinente. Notre priorit\u00e9 \u00e9tant de pr\u00e9server la comp\u00e9titivit\u00e9 des entreprises europ\u00e9ennes, dans le respect des ambitions fix\u00e9es par le Green Deal de la Commission europ\u00e9enne et r\u00e9affirm\u00e9es plus r\u00e9cemment \u00e0 la suite du rapport Draghi. L\u2019AFG d\u00e9fend \u00e9galement une approche pragmatique et constructive visant \u00e0 simplifier, harmoniser et fiabiliser les donn\u00e9es de durabilit\u00e9 produites par les entreprises, pour r\u00e9duire la d\u00e9pendance aux fournisseurs de donn\u00e9es externes et renforcer la qualit\u00e9 de l\u2019information disponible.<\/p>\n\n\n\n<p>Les discussions se poursuivent actuellement au niveau europ\u00e9en entre la Commission, le Parlement et le Conseil, dans le cadre des n\u00e9gociations.<\/p>\n\n\n\n<p>Nous vous invitons \u00e0 consulter nos derni\u00e8res prises de position sur le sujet :<\/p>\n\n\n\n<ul class=\"wp-block-list\">\n<li><a href=\"https:\/\/www.afg.asso.fr\/fr\/publication\/afg-omnibus-key-messages\/\" data-type=\"link\" data-id=\"https:\/\/www.afg.asso.fr\/fr\/publication\/afg-omnibus-key-messages\/\">R\u00e9sum\u00e9 des messages cl\u00e9s<\/a> <\/li>\n\n\n\n<li><a href=\"https:\/\/www.afg.asso.fr\/fr\/publication\/afg-omnibus-position-paper\/\" data-type=\"link\" data-id=\"https:\/\/www.afg.asso.fr\/fr\/publication\/afg-omnibus-position-paper\/\">Analyse d\u00e9taill\u00e9e<\/a> <\/li>\n<\/ul>\n","protected":false},"excerpt":{"rendered":"<p>Depuis plusieurs mois, la Commission europ\u00e9enne travaille sur le projet de loi Omnibus, qui vise \u00e0 modifier plusieurs textes majeurs&hellip;<\/p>\n","protected":false},"author":4169,"featured_media":117701,"comment_status":"closed","ping_status":"closed","sticky":false,"template":"","format":"standard","meta":{"_acf_changed":false,"_gspb_post_css":"","wds_primary_category":5,"footnotes":""},"categories":[5],"tags":[],"thematics":[41],"top_contenu":[568,44],"class_list":["post-117656","post","type-post","status-publish","format-standard","has-post-thumbnail","hentry","category-non-classifiee","thematics-finance-durable","top_contenu-top-contenu-commission-club","top_contenu-top-contenu-espace-membre"],"acf":[],"_links":{"self":[{"href":"https:\/\/www.afg.asso.fr\/fr\/wp-json\/wp\/v2\/posts\/117656","targetHints":{"allow":["GET"]}}],"collection":[{"href":"https:\/\/www.afg.asso.fr\/fr\/wp-json\/wp\/v2\/posts"}],"about":[{"href":"https:\/\/www.afg.asso.fr\/fr\/wp-json\/wp\/v2\/types\/post"}],"author":[{"embeddable":true,"href":"https:\/\/www.afg.asso.fr\/fr\/wp-json\/wp\/v2\/users\/4169"}],"replies":[{"embeddable":true,"href":"https:\/\/www.afg.asso.fr\/fr\/wp-json\/wp\/v2\/comments?post=117656"}],"version-history":[{"count":0,"href":"https:\/\/www.afg.asso.fr\/fr\/wp-json\/wp\/v2\/posts\/117656\/revisions"}],"wp:featuredmedia":[{"embeddable":true,"href":"https:\/\/www.afg.asso.fr\/fr\/wp-json\/wp\/v2\/media\/117701"}],"wp:attachment":[{"href":"https:\/\/www.afg.asso.fr\/fr\/wp-json\/wp\/v2\/media?parent=117656"}],"wp:term":[{"taxonomy":"category","embeddable":true,"href":"https:\/\/www.afg.asso.fr\/fr\/wp-json\/wp\/v2\/categories?post=117656"},{"taxonomy":"post_tag","embeddable":true,"href":"https:\/\/www.afg.asso.fr\/fr\/wp-json\/wp\/v2\/tags?post=117656"},{"taxonomy":"thematics","embeddable":true,"href":"https:\/\/www.afg.asso.fr\/fr\/wp-json\/wp\/v2\/thematics?post=117656"},{"taxonomy":"top_contenu","embeddable":true,"href":"https:\/\/www.afg.asso.fr\/fr\/wp-json\/wp\/v2\/top_contenu?post=117656"}],"curies":[{"name":"wp","href":"https:\/\/api.w.org\/{rel}","templated":true}]}}