{"id":117577,"date":"2025-06-17T08:30:00","date_gmt":"2025-06-17T06:30:00","guid":{"rendered":"https:\/\/www.afg.asso.fr\/?p=117577"},"modified":"2025-06-17T10:02:27","modified_gmt":"2025-06-17T08:02:27","slug":"pour-mieux-investir-elabe-pour-afg","status":"publish","type":"post","link":"https:\/\/www.afg.asso.fr\/fr\/pour-mieux-investir-elabe-pour-afg\/","title":{"rendered":"Pour mieux investir, les Fran\u00e7ais veulent en savoir plus &#8211; Etude ELABE pour AFG"},"content":{"rendered":"\n<p>L&rsquo;AFG et ELABE sondent les Fran\u00e7ais sur leurs connaissances financi\u00e8res, leur \u00e9pargne et leurs attentes en mati\u00e8re d\u2019investissement.<\/p>\n\n\n\n<p><strong>L&rsquo;Association Fran\u00e7aise de la Gestion financi\u00e8re (AFG) et le cabinet ELABE ont men\u00e9 une enqu\u00eate sur la relation des Fran\u00e7ais \u00e0 l&rsquo;\u00e9pargne et \u00e0 l&rsquo;investissement. Elle r\u00e9v\u00e8le d\u2019une part un fort d\u00e9sir de mieux comprendre la finance pour que leur \u00e9pargne r\u00e9ponde \u00e0 leurs objectifs d\u2019investissement (immobilier, retraite&#8230;), et d\u2019autre part, des besoins criants en mati\u00e8re d\u2019\u00e9ducation et de gestion financi\u00e8re, d\u2019information et d\u2019accompagnement. &nbsp;<\/strong><\/p>\n\n\n\n<p><strong><span style=\"text-decoration: underline;\">Une faible connaissance financi\u00e8re, facteur d\u2019in\u00e9galit\u00e9s et frein \u00e0 l\u2019investissement \u00e0 long terme<\/span><\/strong><\/p>\n\n\n\n<ul class=\"wp-block-list\">\n<li><strong>7 Fran\u00e7ais sur 10 reconnaissent avoir une faible \u00e9ducation financi\u00e8re<\/strong>, limitant ainsi leur capacit\u00e9 \u00e0 optimiser leurs placements et \u00e0 adopter une strat\u00e9gie d&rsquo;investissement adapt\u00e9e \u00e0 leurs besoins. Ce d\u00e9ficit affecte leur capacit\u00e9 \u00e0 pr\u00e9parer l\u2019avenir et alimente des in\u00e9galit\u00e9s, notamment entre hommes et femmes ou selon le niveau socio-professionnel.<\/li>\n\n\n\n<li><strong>Beaucoup de Fran\u00e7ais ont du mal \u00e0 choisir les solutions d\u2019\u00e9pargne les plus adapt\u00e9es \u00e0 leurs besoins, <\/strong>car ils comprennent mal le lien entre la dur\u00e9e de leur investissement et les produits d&rsquo;\u00e9pargne.<\/li>\n\n\n\n<li><strong>Seuls 13 % des Fran\u00e7ais en capacit\u00e9 d\u2019investir adoptent tous les bons r\u00e9flexes pour limiter les risques et optimiser leurs placements<\/strong>&nbsp;: \u00e9pargner r\u00e9guli\u00e8rement, d\u00e9finir un horizon d&rsquo;investissement et un capital \u00e0 atteindre. Ce sont donc plus de <strong>8 sur 10 qui n\u2019ont pas d\u2019habitudes d\u2019\u00e9pargne dans la dur\u00e9e<\/strong>.<\/li>\n<\/ul>\n\n\n\n<p><strong><span style=\"text-decoration: underline;\">Toutefois, de bonnes intuitions et une volont\u00e9 de soutenir l\u2019\u00e9conomie locale et d\u2019anticiper leur retraite<\/span><\/strong><\/p>\n\n\n\n<ul class=\"wp-block-list\">\n<li><strong>60 % des Fran\u00e7ais <\/strong>estiment prioritaire ou utile que leur \u00e9pargne contribue au<strong> financement des entreprises fran\u00e7aises et europ\u00e9ennes <\/strong>afin de dynamiser l\u2019\u00e9conomie et l\u2019emploi.<\/li>\n\n\n\n<li>Une majorit\u00e9 d\u2019entre eux souhaiterait que <strong>les investissements en faveur de l\u2019\u00e9conomie europ\u00e9enne b\u00e9n\u00e9ficient d\u2019une fiscalit\u00e9 plus avantageuse <\/strong>que lesinvestissements hors de l\u2019Union europ\u00e9enne.<\/li>\n\n\n\n<li>2 personnes sur 3 estiment que les actions offrent <strong>un bon rapport<\/strong> <strong>b\u00e9n\u00e9fice\/risque \u00e0 moyen et long terme<\/strong>. <strong>Elles voient aussi les fonds d\u2019investissement comme des solutions plus simples d\u2019acc\u00e8s, plus s\u00e9curis\u00e9es et diversifi\u00e9es pour investir.<\/strong><\/li>\n\n\n\n<li>Enfin, pr\u00e8s de la moiti\u00e9 des Fran\u00e7ais (47 %) soutient l\u2019id\u00e9e <strong>d\u2019un syst\u00e8me de retraite int\u00e9grant une part de capitalisation <\/strong>(18% s\u2019y opposent, 35% n\u2019ont pas encore d\u2019avis tranch\u00e9).<\/li>\n<\/ul>\n\n\n\n<p><strong><span style=\"text-decoration: underline;\">Une r\u00e9elle app\u00e9tence pour se former et s\u2019informer, d\u00e8s l\u2019\u00e9cole<\/span><\/strong><\/p>\n\n\n\n<ul class=\"wp-block-list\">\n<li><strong>65 % des Fran\u00e7ais<\/strong>, et m\u00eame <strong>80 % des 18-24 ans<\/strong>, sont favorables \u00e0 <strong>la diffusion de l\u2019\u00e9ducation financi\u00e8re \u00e0 l&rsquo;\u00e9cole.<\/strong><\/li>\n\n\n\n<li><strong>O\u00f9 chercher l\u2019information&nbsp;? Les&nbsp;Fran\u00e7ais, notamment les jeunes g\u00e9n\u00e9rations, sont<\/strong> <strong>en attente d\u2019outils num\u00e9riques p\u00e9dagogiques<\/strong>, \u00e0 m\u00eame de rendre les questions d\u2019investissements financiers \u00ab concr\u00e8tes \u00bb. <strong>Ainsi, 66% des 18-24 ans pl\u00e9biscitent les formats modernes et interactifs <\/strong>(vid\u00e9os, tutoriels, applications mobiles, simulateurs).<\/li>\n<\/ul>\n\n\n\n<ul class=\"wp-block-list\">\n<li><strong>Qui croire&nbsp;? Les gages de confiance restent traditionnels <\/strong>pour la plupart des Fran\u00e7ais qui estiment plus cr\u00e9dibles leur banque ou les professionnels agr\u00e9\u00e9s, leur entourage familial ou amical, ou encore les autorit\u00e9s publiques. A l\u2019inverse, et y compris aupr\u00e8s des plus jeunes, <strong>les influenceurs (\u00e0 79 %) ou encore l\u2019IA (\u00e0 68 %) inspirent de la d\u00e9fiance.<\/strong><\/li>\n<\/ul>\n\n\n\n<p><strong>Les Fran\u00e7ais investissent donc peu \u00e0 long terme et s\u2019avouent mal inform\u00e9s. Et pourtant, ils ont en majorit\u00e9 une perception positive de l\u2019investissement en actions et ils souhaitent en savoir plus. Face \u00e0 ces constats, l\u2019AFG appelle \u00e0 une mobilisation efficace pour activer de fa\u00e7on op\u00e9rationnelle les leviers en termes d\u2019\u00e9ducation et d\u2019outils \u00e0 m\u00eame d\u2019encourager l&rsquo;investissement \u00e0 long terme et dans les march\u00e9s de capitaux.<\/strong><\/p>\n\n\n\n<p><a href=\"https:\/\/www.afg.asso.fr\/fr\/publication\/education-financiere-synthese-etude\/\"><strong>Consulter la synth\u00e8se de l\u2019\u00e9tude ELABE pour l\u2019AFG<\/strong><\/a><strong><\/strong><\/p>\n\n\n\n<p><a href=\"https:\/\/www.afg.asso.fr\/fr\/publication\/education-financiere-etude\/\"><strong>Consulter l\u2019int\u00e9gralit\u00e9 des r\u00e9sultats de l\u2019\u00e9tude ELABE pour l\u2019AFG<\/strong><\/a><\/p>\n","protected":false},"excerpt":{"rendered":"<p>L&rsquo;AFG et ELABE sondent les Fran\u00e7ais sur leurs connaissances financi\u00e8res, leur \u00e9pargne et leurs attentes en mati\u00e8re d\u2019investissement. L&rsquo;Association Fran\u00e7aise&hellip;<\/p>\n","protected":false},"author":4169,"featured_media":117619,"comment_status":"closed","ping_status":"closed","sticky":false,"template":"","format":"standard","meta":{"_acf_changed":false,"_gspb_post_css":"","wds_primary_category":5,"footnotes":""},"categories":[5],"tags":[],"thematics":[180,161],"top_contenu":[45],"class_list":["post-117577","post","type-post","status-publish","format-standard","has-post-thumbnail","hentry","category-non-classifiee","thematics-education_financiere","thematics-etudes_economiques","top_contenu-top-contenu-home-page"],"acf":[],"_links":{"self":[{"href":"https:\/\/www.afg.asso.fr\/fr\/wp-json\/wp\/v2\/posts\/117577","targetHints":{"allow":["GET"]}}],"collection":[{"href":"https:\/\/www.afg.asso.fr\/fr\/wp-json\/wp\/v2\/posts"}],"about":[{"href":"https:\/\/www.afg.asso.fr\/fr\/wp-json\/wp\/v2\/types\/post"}],"author":[{"embeddable":true,"href":"https:\/\/www.afg.asso.fr\/fr\/wp-json\/wp\/v2\/users\/4169"}],"replies":[{"embeddable":true,"href":"https:\/\/www.afg.asso.fr\/fr\/wp-json\/wp\/v2\/comments?post=117577"}],"version-history":[{"count":0,"href":"https:\/\/www.afg.asso.fr\/fr\/wp-json\/wp\/v2\/posts\/117577\/revisions"}],"wp:featuredmedia":[{"embeddable":true,"href":"https:\/\/www.afg.asso.fr\/fr\/wp-json\/wp\/v2\/media\/117619"}],"wp:attachment":[{"href":"https:\/\/www.afg.asso.fr\/fr\/wp-json\/wp\/v2\/media?parent=117577"}],"wp:term":[{"taxonomy":"category","embeddable":true,"href":"https:\/\/www.afg.asso.fr\/fr\/wp-json\/wp\/v2\/categories?post=117577"},{"taxonomy":"post_tag","embeddable":true,"href":"https:\/\/www.afg.asso.fr\/fr\/wp-json\/wp\/v2\/tags?post=117577"},{"taxonomy":"thematics","embeddable":true,"href":"https:\/\/www.afg.asso.fr\/fr\/wp-json\/wp\/v2\/thematics?post=117577"},{"taxonomy":"top_contenu","embeddable":true,"href":"https:\/\/www.afg.asso.fr\/fr\/wp-json\/wp\/v2\/top_contenu?post=117577"}],"curies":[{"name":"wp","href":"https:\/\/api.w.org\/{rel}","templated":true}]}}