{"id":117437,"date":"2025-06-12T14:28:41","date_gmt":"2025-06-12T12:28:41","guid":{"rendered":"https:\/\/www.afg.asso.fr\/?p=117437"},"modified":"2025-06-17T11:30:52","modified_gmt":"2025-06-17T09:30:52","slug":"reponse-afg-consultation-commission-europeenne-revision-niveau-1-sfdr","status":"publish","type":"post","link":"https:\/\/www.afg.asso.fr\/fr\/reponse-afg-consultation-commission-europeenne-revision-niveau-1-sfdr\/","title":{"rendered":"SFDR : r\u00e9ponse de l&rsquo;AFG \u00e0 la consultation de la Commission Europ\u00e9enne sur la r\u00e9vision du niveau 1 de SFDR"},"content":{"rendered":"\n<div class=\"wp-block-group\"><div class=\"wp-block-group__inner-container is-layout-constrained wp-block-group-is-layout-constrained\">\n<p><a href=\"https:\/\/www.afg.asso.fr\/fr\/publication\/reponse-afg-consultation-commission-europeenne-revision-niveau-1-sfdr\/\">Le 28 mai, l\u2019AFG a r\u00e9pondu \u00e0 la consultation de la Commission Europ\u00e9enne sur la r\u00e9vision du niveau 1 de SFDR.<\/a><\/p>\n\n\n\n<p>L\u2019AFG est favorable \u00e0 la r\u00e9vision du niveau 1 de SFDR et estime que cette r\u00e9vision devrait reposer sur les trois piliers suivants&nbsp;:<\/p>\n\n\n\n<ol start=\"1\" class=\"wp-block-list\">\n<li>Simplifier, assurer la coh\u00e9rence et la cr\u00e9dibilit\u00e9 du cadre r\u00e8glementaire de la finance durable\u00a0:\n<ul class=\"wp-block-list\">\n<li>Assurer la coh\u00e9rence des textes r\u00e8glementaires en se reposant sur CSRD (ne pas attendre la r\u00e9vision du niveau 1 de SFDR pour modifier le niveau 2 de SFDR en coh\u00e9rence avec Omnibus)\u00a0;<\/li>\n\n\n\n<li>Passer d\u2019un r\u00e9gime de transparence uniquement \u00e0 une approche avec des exigences minimales\u00a0;<\/li>\n\n\n\n<li>Assurer la coh\u00e9rence avec les orientations sur la d\u00e9nomination des fonds de l\u2019ESMA.<br><\/li>\n<\/ul>\n<\/li>\n\n\n\n<li>D\u00e9finir une cat\u00e9gorisation produit\u00a0:\n<ul class=\"wp-block-list\">\n<li>Inclure des objectifs durables contraignants et mesurables pour tous les produits ESG\u00a0;<\/li>\n\n\n\n<li>D\u00e9finir 3 cat\u00e9gories produits\u00a0: \u00ab\u00a0durable\u00a0\u00bb, \u00ab\u00a0transition\u00a0\u00bb et \u00ab\u00a0focus E, S, G\u00a0\u00bb\u00a0;<\/li>\n\n\n\n<li>Se reposer sur les labels existants nationaux (ex\u00a0: Label ISR,\u2026) et indices europ\u00e9ens (PAB\/CTB).<br><\/li>\n<\/ul>\n<\/li>\n\n\n\n<li>Placer le client au centre du cadre r\u00e8glementaire de la finance durable\u00a0:\n<ul class=\"wp-block-list\">\n<li>Aligner les pr\u00e9f\u00e9rences de durabilit\u00e9 MIF avec la r\u00e9vision de SFDR\u00a0;<\/li>\n\n\n\n<li>Simplifier le reporting\u00a0;<\/li>\n\n\n\n<li>Soutenir le principe d\u2019un reporting entit\u00e9 dans SFDR (et non dans CSRD) sur la partie investissement.<\/li>\n<\/ul>\n<\/li>\n<\/ol>\n<\/div><\/div>\n","protected":false},"excerpt":{"rendered":"<p>Le 28 mai, l\u2019AFG a r\u00e9pondu \u00e0 la consultation de la Commission Europ\u00e9enne sur la r\u00e9vision du niveau 1 de&hellip;<\/p>\n","protected":false},"author":6,"featured_media":116803,"comment_status":"closed","ping_status":"closed","sticky":false,"template":"","format":"standard","meta":{"_acf_changed":true,"_gspb_post_css":"","wds_primary_category":5,"footnotes":""},"categories":[5],"tags":[],"thematics":[41,598],"top_contenu":[568,44,45],"class_list":["post-117437","post","type-post","status-publish","format-standard","has-post-thumbnail","hentry","category-non-classifiee","thematics-finance-durable","thematics-sfdr","top_contenu-top-contenu-commission-club","top_contenu-top-contenu-espace-membre","top_contenu-top-contenu-home-page"],"acf":[],"_links":{"self":[{"href":"https:\/\/www.afg.asso.fr\/fr\/wp-json\/wp\/v2\/posts\/117437","targetHints":{"allow":["GET"]}}],"collection":[{"href":"https:\/\/www.afg.asso.fr\/fr\/wp-json\/wp\/v2\/posts"}],"about":[{"href":"https:\/\/www.afg.asso.fr\/fr\/wp-json\/wp\/v2\/types\/post"}],"author":[{"embeddable":true,"href":"https:\/\/www.afg.asso.fr\/fr\/wp-json\/wp\/v2\/users\/6"}],"replies":[{"embeddable":true,"href":"https:\/\/www.afg.asso.fr\/fr\/wp-json\/wp\/v2\/comments?post=117437"}],"version-history":[{"count":0,"href":"https:\/\/www.afg.asso.fr\/fr\/wp-json\/wp\/v2\/posts\/117437\/revisions"}],"wp:featuredmedia":[{"embeddable":true,"href":"https:\/\/www.afg.asso.fr\/fr\/wp-json\/wp\/v2\/media\/116803"}],"wp:attachment":[{"href":"https:\/\/www.afg.asso.fr\/fr\/wp-json\/wp\/v2\/media?parent=117437"}],"wp:term":[{"taxonomy":"category","embeddable":true,"href":"https:\/\/www.afg.asso.fr\/fr\/wp-json\/wp\/v2\/categories?post=117437"},{"taxonomy":"post_tag","embeddable":true,"href":"https:\/\/www.afg.asso.fr\/fr\/wp-json\/wp\/v2\/tags?post=117437"},{"taxonomy":"thematics","embeddable":true,"href":"https:\/\/www.afg.asso.fr\/fr\/wp-json\/wp\/v2\/thematics?post=117437"},{"taxonomy":"top_contenu","embeddable":true,"href":"https:\/\/www.afg.asso.fr\/fr\/wp-json\/wp\/v2\/top_contenu?post=117437"}],"curies":[{"name":"wp","href":"https:\/\/api.w.org\/{rel}","templated":true}]}}