{"id":117366,"date":"2025-06-09T15:52:15","date_gmt":"2025-06-09T13:52:15","guid":{"rendered":"https:\/\/www.afg.asso.fr\/?p=117366"},"modified":"2025-06-11T16:56:20","modified_gmt":"2025-06-11T14:56:20","slug":"lancement-du-label-finance-europe","status":"publish","type":"post","link":"https:\/\/www.afg.asso.fr\/fr\/lancement-du-label-finance-europe\/","title":{"rendered":"Lancement du Label \u00ab\u00a0Finance Europe\u00a0\u00bb"},"content":{"rendered":"\n<p>L&rsquo;AFG salue la signature le 5 juin 2025, par la France, l&rsquo;Espagne, le Luxembourg, les Pays-Bas, l&rsquo;Estonie, l&rsquo;Allemagne et le Portugal d&rsquo;un<strong> accord intergouvernemental <\/strong>pour la mise en place de principes communs en faveur de la <strong><a href=\"https:\/\/www.afg.asso.fr\/fr\/publication\/setting-common-principles-for-the-label-finance-europe\/\">cr\u00e9ation du label \u00ab\u00a0Finance Europe\u00a0\u00bb.<\/a><\/strong><br>Cette initiative, s\u2019inscrivant dans un objectif de r\u00e9orientation pro-europ\u00e9enne de l\u2019\u00e9pargne que l\u2019AFG appelle de ses v\u0153ux, est un pas important pour d\u00e9ployer l&rsquo;\u00e9pargne des europ\u00e9ens en lui permettant de s&rsquo;inscrire sur le long terme et en faveur du financement des entreprises europ\u00e9ennes.<\/p>\n\n\n\n<p>Son d\u00e9ploiement devrait \u00eatre <strong>op\u00e9rationnel d\u00e8s 2026. <\/strong>Ce label a vocation \u00e0 pouvoir s&rsquo;appliquer \u00e0 tous les produits qui ont un <strong>horizon d&rsquo;investissement minimum de 5 ans.<\/strong><\/p>\n\n\n\n<p>Pour en savoir plus : <a href=\"https:\/\/presse.economie.gouv.fr\/label-finance-europe\/\" target=\"_blank\" rel=\"noreferrer noopener\">Label \u00ab\u00a0Finance Europe\u00a0\u00bb &#8211; Presse &#8211; Minist\u00e8re des Finances<\/a><\/p>\n\n\n\n<p><\/p>\n","protected":false},"excerpt":{"rendered":"<p>L&rsquo;AFG salue la signature le 5 juin 2025, par la France, l&rsquo;Espagne, le Luxembourg, les Pays-Bas, l&rsquo;Estonie, l&rsquo;Allemagne et le&hellip;<\/p>\n","protected":false},"author":35,"featured_media":117367,"comment_status":"closed","ping_status":"closed","sticky":false,"template":"","format":"standard","meta":{"_acf_changed":true,"_gspb_post_css":"","wds_primary_category":5,"footnotes":""},"categories":[5],"tags":[],"thematics":[95],"top_contenu":[45],"class_list":["post-117366","post","type-post","status-publish","format-standard","has-post-thumbnail","hentry","category-non-classifiee","thematics-label","top_contenu-top-contenu-home-page"],"acf":[],"_links":{"self":[{"href":"https:\/\/www.afg.asso.fr\/fr\/wp-json\/wp\/v2\/posts\/117366","targetHints":{"allow":["GET"]}}],"collection":[{"href":"https:\/\/www.afg.asso.fr\/fr\/wp-json\/wp\/v2\/posts"}],"about":[{"href":"https:\/\/www.afg.asso.fr\/fr\/wp-json\/wp\/v2\/types\/post"}],"author":[{"embeddable":true,"href":"https:\/\/www.afg.asso.fr\/fr\/wp-json\/wp\/v2\/users\/35"}],"replies":[{"embeddable":true,"href":"https:\/\/www.afg.asso.fr\/fr\/wp-json\/wp\/v2\/comments?post=117366"}],"version-history":[{"count":0,"href":"https:\/\/www.afg.asso.fr\/fr\/wp-json\/wp\/v2\/posts\/117366\/revisions"}],"wp:featuredmedia":[{"embeddable":true,"href":"https:\/\/www.afg.asso.fr\/fr\/wp-json\/wp\/v2\/media\/117367"}],"wp:attachment":[{"href":"https:\/\/www.afg.asso.fr\/fr\/wp-json\/wp\/v2\/media?parent=117366"}],"wp:term":[{"taxonomy":"category","embeddable":true,"href":"https:\/\/www.afg.asso.fr\/fr\/wp-json\/wp\/v2\/categories?post=117366"},{"taxonomy":"post_tag","embeddable":true,"href":"https:\/\/www.afg.asso.fr\/fr\/wp-json\/wp\/v2\/tags?post=117366"},{"taxonomy":"thematics","embeddable":true,"href":"https:\/\/www.afg.asso.fr\/fr\/wp-json\/wp\/v2\/thematics?post=117366"},{"taxonomy":"top_contenu","embeddable":true,"href":"https:\/\/www.afg.asso.fr\/fr\/wp-json\/wp\/v2\/top_contenu?post=117366"}],"curies":[{"name":"wp","href":"https:\/\/api.w.org\/{rel}","templated":true}]}}