{"id":116405,"date":"2025-04-23T15:46:43","date_gmt":"2025-04-23T13:46:43","guid":{"rendered":"https:\/\/www.afg.asso.fr\/?p=116405"},"modified":"2025-04-25T16:50:36","modified_gmt":"2025-04-25T14:50:36","slug":"csrd-et-cs3d-publication-au-joue-du-calendrier-dapplication","status":"publish","type":"post","link":"https:\/\/www.afg.asso.fr\/fr\/csrd-et-cs3d-publication-au-joue-du-calendrier-dapplication\/","title":{"rendered":"CSRD et CS3D : publication au JOUE du calendrier d&rsquo;application"},"content":{"rendered":"\n<p>La Commission Europ\u00e9enne, a publi\u00e9 le 9 avril 2025, la\u00a0<a href=\"https:\/\/eur-lex.europa.eu\/legal-content\/FR\/TXT\/HTML\/?uri=CELEX:32025L0794\" data-type=\"link\" data-id=\"https:\/\/eur-lex.europa.eu\/legal-content\/FR\/TXT\/HTML\/?uri=CELEX:32025L0794\" target=\"_blank\" rel=\"noreferrer noopener\"><strong>directive (UE) 2025\/794<\/strong><\/a>\u00a0qui modifie les <a href=\"https:\/\/eur-lex.europa.eu\/legal-content\/FR\/TXT\/PDF\/?uri=CELEX:32022L2464\" data-type=\"link\" data-id=\"https:\/\/eur-lex.europa.eu\/legal-content\/FR\/TXT\/PDF\/?uri=CELEX:32022L2464\" target=\"_blank\" rel=\"noreferrer noopener\"><strong>directives\u00a0CSRD (UE 2022\/2464)<\/strong><\/a>\u00a0et la <strong><a href=\"https:\/\/eur-lex.europa.eu\/legal-content\/FR\/TXT\/PDF\/?uri=OJ:L_202401760\" data-type=\"link\" data-id=\"https:\/\/eur-lex.europa.eu\/legal-content\/FR\/TXT\/PDF\/?uri=OJ:L_202401760\" target=\"_blank\" rel=\"noreferrer noopener\">directive\u00a0CS3D (UE 2024\/1760<\/a><\/strong>), en ce qui concerne les dates \u00e0 laquelle les Etats membres doivent appliquer certaines obligations relatives \u00e0 la publication d\u2019informations en mati\u00e8re de durabilit\u00e9 par les entreprises et au devoir de vigilance des entreprises en mati\u00e8re de durabilit\u00e9.<\/p>\n\n\n\n<p>Sur la CSRD&nbsp;: cette nouvelle directive (UE 2025\/794) modifie les \u00e9l\u00e9ments suivants&nbsp;:<\/p>\n\n\n\n<ul class=\"wp-block-list\">\n<li>Pour les entreprises dites de \u00ab\u00a0la seconde vague\u00a0\u00bb de la directive CSRD, c&rsquo;est-\u00e0-dire celles ayant entre 250 et 500 salari\u00e9s, plus 50M\u20ac de CA et 25M\u20ac de bilan et devant initialement publier leurs rapports CSRD en 2026 (sur l\u2019exercice commen\u00e7ant au 1<sup>er<\/sup>\u00a0janvier 2025),<strong> la publication\u00a0est report\u00e9e de deux ans<\/strong>. Ainsi, ces entreprises assujetties peuvent dor\u00e9navant publier en 2028, sur l\u2019exercice commen\u00e7ant au 1<sup>er<\/sup>\u00a0janvier 2027.<\/li>\n\n\n\n<li>Pour les entreprises dites de \u00ab\u00a0la troisi\u00e8me vague\u00a0\u00bb de la direction CSRD, \u00e0 savoir les PME cot\u00e9es et petites institutions de cr\u00e9dit, soci\u00e9t\u00e9s d\u2019assurance ou de r\u00e9assurance non complexes, qui devaient initialement publier leurs rapports CSRD en 2027 (sur l\u2019exercice commen\u00e7ant au 1<sup>er<\/sup>\u00a0janvier 2026),\u00a0<strong>la publication est \u00e9galement report\u00e9e de deux ans<\/strong>. Ainsi, ces entreprises pourront donc publier en 2029 sur l\u2019exercice commen\u00e7ant au 1<sup>er<\/sup>\u00a0janvier 2028.<\/li>\n<\/ul>\n\n\n\n<p>Il est important de rappeler \u00e9galement qu\u2019une revue des seuils des entreprises soumises \u00e0 la CSRD est en cours au sein de la Commission Europ\u00e9enne. A ce stade des n\u00e9gociations, les entreprises de moins de 1000 salari\u00e9s et ayant soit 50M\u20ac de CA, soit 25M\u20ac de bilan, ne seraient plus soumises \u00e0 une obligation de reporting. <\/p>\n\n\n\n<p>Sur la CS3D\u00a0: la directive UE 2025\/794 modifie la directive CS3D\u00a0<strong>en reportant d\u2019un an l\u2019adoption et la publication, par les&nbsp;Etats membres,<\/strong>&nbsp;des dispositions l\u00e9gislatives, r\u00e9glementaires et administratives n\u00e9cessaires&nbsp;\u00e0 sa transposition.<\/p>\n\n\n\n<p><strong>L\u2019entr\u00e9e en vigueur<\/strong>&nbsp;pour les entreprises appartenant au premier groupe (5000 salari\u00e9s et&nbsp;un&nbsp;chiffre d\u2019affaires sup\u00e9rieur \u00e0 1,5 milliard d\u2019euros)&nbsp;<strong>est d\u00e9cal\u00e9e d\u2019un an<\/strong>&nbsp;(de&nbsp;juillet 2027 \u00e0&nbsp;juillet 2028). L\u2019entr\u00e9e en vigueur pour les autres entreprises entrant dans le champ de la directive n\u2019est pas modifi\u00e9e.<\/p>\n","protected":false},"excerpt":{"rendered":"<p>La Commission Europ\u00e9enne, a publi\u00e9 le 9 avril 2025, la\u00a0directive (UE) 2025\/794\u00a0qui modifie les directives\u00a0CSRD (UE 2022\/2464)\u00a0et la directive\u00a0CS3D (UE&hellip;<\/p>\n","protected":false},"author":6,"featured_media":116417,"comment_status":"closed","ping_status":"closed","sticky":false,"template":"","format":"standard","meta":{"_acf_changed":false,"_gspb_post_css":"","wds_primary_category":5,"footnotes":""},"categories":[5],"tags":[],"thematics":[578,581,192,41],"top_contenu":[568,44,45],"class_list":["post-116405","post","type-post","status-publish","format-standard","has-post-thumbnail","hentry","category-non-classifiee","thematics-cs3d","thematics-csrd","thematics-esg","thematics-finance-durable","top_contenu-top-contenu-commission-club","top_contenu-top-contenu-espace-membre","top_contenu-top-contenu-home-page"],"acf":[],"_links":{"self":[{"href":"https:\/\/www.afg.asso.fr\/fr\/wp-json\/wp\/v2\/posts\/116405","targetHints":{"allow":["GET"]}}],"collection":[{"href":"https:\/\/www.afg.asso.fr\/fr\/wp-json\/wp\/v2\/posts"}],"about":[{"href":"https:\/\/www.afg.asso.fr\/fr\/wp-json\/wp\/v2\/types\/post"}],"author":[{"embeddable":true,"href":"https:\/\/www.afg.asso.fr\/fr\/wp-json\/wp\/v2\/users\/6"}],"replies":[{"embeddable":true,"href":"https:\/\/www.afg.asso.fr\/fr\/wp-json\/wp\/v2\/comments?post=116405"}],"version-history":[{"count":0,"href":"https:\/\/www.afg.asso.fr\/fr\/wp-json\/wp\/v2\/posts\/116405\/revisions"}],"wp:featuredmedia":[{"embeddable":true,"href":"https:\/\/www.afg.asso.fr\/fr\/wp-json\/wp\/v2\/media\/116417"}],"wp:attachment":[{"href":"https:\/\/www.afg.asso.fr\/fr\/wp-json\/wp\/v2\/media?parent=116405"}],"wp:term":[{"taxonomy":"category","embeddable":true,"href":"https:\/\/www.afg.asso.fr\/fr\/wp-json\/wp\/v2\/categories?post=116405"},{"taxonomy":"post_tag","embeddable":true,"href":"https:\/\/www.afg.asso.fr\/fr\/wp-json\/wp\/v2\/tags?post=116405"},{"taxonomy":"thematics","embeddable":true,"href":"https:\/\/www.afg.asso.fr\/fr\/wp-json\/wp\/v2\/thematics?post=116405"},{"taxonomy":"top_contenu","embeddable":true,"href":"https:\/\/www.afg.asso.fr\/fr\/wp-json\/wp\/v2\/top_contenu?post=116405"}],"curies":[{"name":"wp","href":"https:\/\/api.w.org\/{rel}","templated":true}]}}