{"id":114491,"date":"2025-03-14T13:29:43","date_gmt":"2025-03-14T12:29:43","guid":{"rendered":"https:\/\/www.afg.asso.fr\/?p=114491"},"modified":"2025-03-18T10:28:15","modified_gmt":"2025-03-18T09:28:15","slug":"ris-position-commune-afg-place-paris","status":"publish","type":"post","link":"https:\/\/www.afg.asso.fr\/fr\/ris-position-commune-afg-place-paris\/","title":{"rendered":"RIS\u00a0: L&rsquo;AFG publie une position commune avec les grands acteurs financiers de la place de Paris"},"content":{"rendered":"\n<p>Dans un moment cl\u00e9 du d\u00e9marrage des trilogues sur la <strong>Retail Investment Strategy (RIS)<\/strong> au niveau europ\u00e9en, l&rsquo;<strong>AFG<\/strong>, aux c\u00f4t\u00e9s des grands acteurs financiers de la place de Paris, tels que <strong>Paris Europlace<\/strong>, la <strong>FBF<\/strong> (F\u00e9d\u00e9ration Bancaire Fran\u00e7aise), et <strong>France Assureurs<\/strong>, <a href=\"https:\/\/www.afg.asso.fr\/fr\/publication\/retail-investment-strategy-working-groups-position-paper\/\">publie une position <\/a><a href=\"https:\/\/www.afg.asso.fr\/fr\/publication\/retail-investment-strategy-working-groups-position-paper\/\" target=\"_blank\" rel=\"noreferrer noopener\">commune<\/a>. Cette position commune porte une <strong>ambition<\/strong> forte : d\u00e9velopper la participation des investisseurs particuliers dans les march\u00e9s financiers europ\u00e9ens au service du financement des entreprises europ\u00e9ennes.<\/p>\n\n\n\n<p>Pour que la RIS permette d\u2019atteindre cet objectif, une r\u00e9vision en profondeur du texte actuel est <strong>indispensable<\/strong>.<\/p>\n\n\n\n<p>L\u2019AFG est mobilis\u00e9e pour \u00e9changer et d\u00e9tailler ses propositions, dans le but de promouvoir des mesures qui soutiennent v\u00e9ritablement les int\u00e9r\u00eats des investisseurs particuliers tout en renfor\u00e7ant la comp\u00e9titivit\u00e9 des march\u00e9s europ\u00e9ens et des entreprises europ\u00e9ennes.<\/p>\n\n\n\n<p><strong>Cette initiative refl\u00e8te l&rsquo;engagement constant de l&rsquo;AFG dans les d\u00e9bats europ\u00e9ens afin d&rsquo;assurer que la r\u00e9glementation soutienne efficacement le financement de l&rsquo;\u00e9conomie tout en prot\u00e9geant les int\u00e9r\u00eats des investisseurs.<\/strong><\/p>\n","protected":false},"excerpt":{"rendered":"<p>Dans un moment cl\u00e9 du d\u00e9marrage des trilogues sur la Retail Investment Strategy (RIS) au niveau europ\u00e9en, l&rsquo;AFG, aux c\u00f4t\u00e9s&hellip;<\/p>\n","protected":false},"author":6,"featured_media":0,"comment_status":"closed","ping_status":"closed","sticky":false,"template":"","format":"standard","meta":{"_acf_changed":false,"_gspb_post_css":"","wds_primary_category":5,"footnotes":""},"categories":[5],"tags":[],"thematics":[174],"top_contenu":[44,45],"class_list":["post-114491","post","type-post","status-publish","format-standard","hentry","category-non-classifiee","thematics-retail_investment_strategy","top_contenu-top-contenu-espace-membre","top_contenu-top-contenu-home-page"],"acf":[],"_links":{"self":[{"href":"https:\/\/www.afg.asso.fr\/fr\/wp-json\/wp\/v2\/posts\/114491","targetHints":{"allow":["GET"]}}],"collection":[{"href":"https:\/\/www.afg.asso.fr\/fr\/wp-json\/wp\/v2\/posts"}],"about":[{"href":"https:\/\/www.afg.asso.fr\/fr\/wp-json\/wp\/v2\/types\/post"}],"author":[{"embeddable":true,"href":"https:\/\/www.afg.asso.fr\/fr\/wp-json\/wp\/v2\/users\/6"}],"replies":[{"embeddable":true,"href":"https:\/\/www.afg.asso.fr\/fr\/wp-json\/wp\/v2\/comments?post=114491"}],"version-history":[{"count":0,"href":"https:\/\/www.afg.asso.fr\/fr\/wp-json\/wp\/v2\/posts\/114491\/revisions"}],"wp:attachment":[{"href":"https:\/\/www.afg.asso.fr\/fr\/wp-json\/wp\/v2\/media?parent=114491"}],"wp:term":[{"taxonomy":"category","embeddable":true,"href":"https:\/\/www.afg.asso.fr\/fr\/wp-json\/wp\/v2\/categories?post=114491"},{"taxonomy":"post_tag","embeddable":true,"href":"https:\/\/www.afg.asso.fr\/fr\/wp-json\/wp\/v2\/tags?post=114491"},{"taxonomy":"thematics","embeddable":true,"href":"https:\/\/www.afg.asso.fr\/fr\/wp-json\/wp\/v2\/thematics?post=114491"},{"taxonomy":"top_contenu","embeddable":true,"href":"https:\/\/www.afg.asso.fr\/fr\/wp-json\/wp\/v2\/top_contenu?post=114491"}],"curies":[{"name":"wp","href":"https:\/\/api.w.org\/{rel}","templated":true}]}}