{"id":113735,"date":"2025-02-18T14:54:11","date_gmt":"2025-02-18T13:54:11","guid":{"rendered":"https:\/\/www.afg.asso.fr\/?p=113735"},"modified":"2025-02-18T14:54:13","modified_gmt":"2025-02-18T13:54:13","slug":"publication-du-nouveau-referentiel-du-label-greenfin","status":"publish","type":"post","link":"https:\/\/www.afg.asso.fr\/fr\/publication-du-nouveau-referentiel-du-label-greenfin\/","title":{"rendered":"Publication du nouveau r\u00e9f\u00e9rentiel du Label Greenfin"},"content":{"rendered":"\n<p>Le nouveau r\u00e9f\u00e9rentiel du label Greenfin a \u00e9t\u00e9 publi\u00e9 au JOUE. Port\u00e9 par le Minist\u00e8re de la Transition \u00e9cologique, de la Biodiversit\u00e9, de la For\u00eat, de la Mer et de la P\u00eache, le label Greenfin repr\u00e9sente aujourd\u2019hui 108 fonds labellis\u00e9s (35 milliards d\u2019euros d\u2019encours).<br>Les mises \u00e0 jour du nouveau r\u00e9f\u00e9rentiel portent principalement sur les \u00e9l\u00e9ments suivants :<\/p>\n\n\n\n<ul class=\"wp-block-list\">\n<li>Int\u00e9gration de la taxonomie dans la d\u00e9finition d\u2019une activit\u00e9 verte.<\/li>\n\n\n\n<li>Prise en compte de la double mat\u00e9rialit\u00e9 et int\u00e9gration d\u2019exclusions S et G (volont\u00e9 d\u2019harmonisation avec le label ISR).<\/li>\n\n\n\n<li>Application des exclusions de l\u2019ESMA (seuil d\u2019exclusion du charbon de 5% \u00e0 1%).<\/li>\n\n\n\n<li>Obligation de transparence sur les indicateurs (indicateurs taxonomiques \u00e0 transmettre au certificateur, justification des \u00e9volutions des indicateurs obligatoires).<\/li>\n<\/ul>\n\n\n\n<p>Retrouvez <a href=\"https:\/\/www.legifrance.gouv.fr\/jorf\/id\/JORFTEXT000051050457\" target=\"_blank\" rel=\"noreferrer noopener\">la publication du Journal officiel<\/a> ainsi que <a href=\"https:\/\/www.ecologie.gouv.fr\/presse\/mobiliser-lepargne-benefice-transition-ecologique-label-finance-verte-greenfin-fete-ses-dix\" target=\"_blank\" rel=\"noreferrer noopener\">le communiqu\u00e9 de presse<\/a>.<\/p>\n\n\n\n<p><\/p>\n","protected":false},"excerpt":{"rendered":"<p>Le nouveau r\u00e9f\u00e9rentiel du label Greenfin a \u00e9t\u00e9 publi\u00e9 au JOUE. Port\u00e9 par le Minist\u00e8re de la Transition \u00e9cologique, de&hellip;<\/p>\n","protected":false},"author":6,"featured_media":113736,"comment_status":"closed","ping_status":"closed","sticky":false,"template":"","format":"standard","meta":{"_acf_changed":false,"_gspb_post_css":"","wds_primary_category":0,"footnotes":""},"categories":[5],"tags":[],"thematics":[41,533],"top_contenu":[],"class_list":["post-113735","post","type-post","status-publish","format-standard","has-post-thumbnail","hentry","category-non-classifiee","thematics-finance-durable","thematics-label-greenfin"],"acf":[],"_links":{"self":[{"href":"https:\/\/www.afg.asso.fr\/fr\/wp-json\/wp\/v2\/posts\/113735","targetHints":{"allow":["GET"]}}],"collection":[{"href":"https:\/\/www.afg.asso.fr\/fr\/wp-json\/wp\/v2\/posts"}],"about":[{"href":"https:\/\/www.afg.asso.fr\/fr\/wp-json\/wp\/v2\/types\/post"}],"author":[{"embeddable":true,"href":"https:\/\/www.afg.asso.fr\/fr\/wp-json\/wp\/v2\/users\/6"}],"replies":[{"embeddable":true,"href":"https:\/\/www.afg.asso.fr\/fr\/wp-json\/wp\/v2\/comments?post=113735"}],"version-history":[{"count":0,"href":"https:\/\/www.afg.asso.fr\/fr\/wp-json\/wp\/v2\/posts\/113735\/revisions"}],"wp:featuredmedia":[{"embeddable":true,"href":"https:\/\/www.afg.asso.fr\/fr\/wp-json\/wp\/v2\/media\/113736"}],"wp:attachment":[{"href":"https:\/\/www.afg.asso.fr\/fr\/wp-json\/wp\/v2\/media?parent=113735"}],"wp:term":[{"taxonomy":"category","embeddable":true,"href":"https:\/\/www.afg.asso.fr\/fr\/wp-json\/wp\/v2\/categories?post=113735"},{"taxonomy":"post_tag","embeddable":true,"href":"https:\/\/www.afg.asso.fr\/fr\/wp-json\/wp\/v2\/tags?post=113735"},{"taxonomy":"thematics","embeddable":true,"href":"https:\/\/www.afg.asso.fr\/fr\/wp-json\/wp\/v2\/thematics?post=113735"},{"taxonomy":"top_contenu","embeddable":true,"href":"https:\/\/www.afg.asso.fr\/fr\/wp-json\/wp\/v2\/top_contenu?post=113735"}],"curies":[{"name":"wp","href":"https:\/\/api.w.org\/{rel}","templated":true}]}}