{"id":112719,"date":"2025-01-21T07:00:00","date_gmt":"2025-01-21T06:00:00","guid":{"rendered":"https:\/\/www.afg.asso.fr\/?p=112719"},"modified":"2025-01-30T14:34:32","modified_gmt":"2025-01-30T13:34:32","slug":"gouvernement-dentreprise-lafg-publie-ses-recommandations-pour-2025","status":"publish","type":"post","link":"https:\/\/www.afg.asso.fr\/fr\/gouvernement-dentreprise-lafg-publie-ses-recommandations-pour-2025\/","title":{"rendered":"Gouvernement d\u2019entreprise : l&rsquo;AFG publie ses recommandations pour 2025"},"content":{"rendered":"\n<p><strong>A quelques semaines de la saison des assembl\u00e9es g\u00e9n\u00e9rales et pour aider les soci\u00e9t\u00e9s de gestion dans l&rsquo;exercice du vote des r\u00e9solutions, l\u2019AFG publie l\u2019\u00e9dition 2025 de ses <em>Recommandations sur le gouvernement d\u2019entreprise<\/em>.<\/strong><\/p>\n\n\n\n<p>Le gouvernement d\u2019entreprise rev\u00eat une importance particuli\u00e8re pour les g\u00e9rants engag\u00e9s en faveur de la qualit\u00e9 et de la gestion durable des actifs en portefeuille, de l\u2019investissement responsable et de l\u2019\u00e9pargne de long terme. <strong>L\u2019AFG renforce r\u00e9guli\u00e8rement ses recommandations afin de faire progresser les meilleurs principes de gouvernance aux assembl\u00e9es g\u00e9n\u00e9rales et conseils d&rsquo;administration des soci\u00e9t\u00e9s cot\u00e9es.<\/strong><\/p>\n\n\n\n<p><\/p>\n\n\n\n<p><strong><a href=\"https:\/\/www.afg.asso.fr\/fr\/publication\/\/recommandations-sur-le-gouvernement-dentreprise-2\/\" data-type=\"link\" data-id=\"https:\/\/www.afg.asso.fr\/fr\/publication\/\/recommandations-sur-le-gouvernement-dentreprise-2\/\" target=\"_blank\" rel=\"noreferrer noopener\">Consulter les recommandations sur le gouvernement d\u2019entreprise<\/a><\/strong><\/p>\n\n\n\n<p><strong><a href=\"https:\/\/www.afg.asso.fr\/fr\/publication\/communique-de-presse-recommandations-sur-le-gouvernement-dentreprise\/\" data-type=\"link\" data-id=\"https:\/\/www.afg.asso.fr\/app\/uploads\/2025\/01\/CP-Recommandations-GE-2025.pdf\" target=\"_blank\" rel=\"noreferrer noopener\">Lire le communiqu\u00e9 de presse<\/a><\/strong><\/p>\n\n\n\n<p><\/p>\n\n\n\n<p><\/p>\n","protected":false},"excerpt":{"rendered":"<p>A quelques semaines de la saison des assembl\u00e9es g\u00e9n\u00e9rales et pour aider les soci\u00e9t\u00e9s de gestion dans l&rsquo;exercice du vote&hellip;<\/p>\n","protected":false},"author":4169,"featured_media":0,"comment_status":"closed","ping_status":"closed","sticky":false,"template":"","format":"standard","meta":{"_acf_changed":true,"_gspb_post_css":"","wds_primary_category":5,"footnotes":""},"categories":[5],"tags":[],"thematics":[181],"top_contenu":[45],"class_list":["post-112719","post","type-post","status-publish","format-standard","hentry","category-non-classifiee","thematics-recommandations_gouvernement_d_entreprise","top_contenu-top-contenu-home-page"],"acf":[],"_links":{"self":[{"href":"https:\/\/www.afg.asso.fr\/fr\/wp-json\/wp\/v2\/posts\/112719","targetHints":{"allow":["GET"]}}],"collection":[{"href":"https:\/\/www.afg.asso.fr\/fr\/wp-json\/wp\/v2\/posts"}],"about":[{"href":"https:\/\/www.afg.asso.fr\/fr\/wp-json\/wp\/v2\/types\/post"}],"author":[{"embeddable":true,"href":"https:\/\/www.afg.asso.fr\/fr\/wp-json\/wp\/v2\/users\/4169"}],"replies":[{"embeddable":true,"href":"https:\/\/www.afg.asso.fr\/fr\/wp-json\/wp\/v2\/comments?post=112719"}],"version-history":[{"count":0,"href":"https:\/\/www.afg.asso.fr\/fr\/wp-json\/wp\/v2\/posts\/112719\/revisions"}],"wp:attachment":[{"href":"https:\/\/www.afg.asso.fr\/fr\/wp-json\/wp\/v2\/media?parent=112719"}],"wp:term":[{"taxonomy":"category","embeddable":true,"href":"https:\/\/www.afg.asso.fr\/fr\/wp-json\/wp\/v2\/categories?post=112719"},{"taxonomy":"post_tag","embeddable":true,"href":"https:\/\/www.afg.asso.fr\/fr\/wp-json\/wp\/v2\/tags?post=112719"},{"taxonomy":"thematics","embeddable":true,"href":"https:\/\/www.afg.asso.fr\/fr\/wp-json\/wp\/v2\/thematics?post=112719"},{"taxonomy":"top_contenu","embeddable":true,"href":"https:\/\/www.afg.asso.fr\/fr\/wp-json\/wp\/v2\/top_contenu?post=112719"}],"curies":[{"name":"wp","href":"https:\/\/api.w.org\/{rel}","templated":true}]}}