{"id":111996,"date":"2024-12-13T18:11:12","date_gmt":"2024-12-13T17:11:12","guid":{"rendered":"https:\/\/www.afg.asso.fr\/?p=111996"},"modified":"2024-12-13T18:11:14","modified_gmt":"2024-12-13T17:11:14","slug":"appel-a-candidature-pour-participer-au-comite-relations-avec-les-fournisseurs-dindices-et-de-donnees","status":"publish","type":"post","link":"https:\/\/www.afg.asso.fr\/fr\/appel-a-candidature-pour-participer-au-comite-relations-avec-les-fournisseurs-dindices-et-de-donnees\/","title":{"rendered":"Appel \u00e0 candidature pour participer au Comit\u00e9 Relations avec les fournisseurs d&rsquo;indices et de donn\u00e9es"},"content":{"rendered":"\n<blockquote class=\"wp-block-quote is-layout-flow wp-block-quote-is-layout-flow\">\n<p><em>Avec l\u2019importance croissante des donn\u00e9es dans les m\u00e9tiers de la gestion d\u2019actifs, leur co\u00fbt toujours plus \u00e9lev\u00e9 et le besoin de d\u00e9finition de l\u2019\u00e9cosyst\u00e8me des march\u00e9s financiers europ\u00e9ens incluant tous les acteurs, y compris les fournisseurs d\u2019indices et de donn\u00e9es, les actions du Comit\u00e9 Relations avec les fournisseurs d\u2019indices et de donn\u00e9es sont amen\u00e9es \u00e0 \u00e9voluer.<\/em><\/p>\n<\/blockquote>\n\n\n\n<p><br>Le Comit\u00e9 Relations avec les fournisseurs d\u2019indices et de donn\u00e9es qui est rattach\u00e9 \u00e0 la Commission Infrastructures de March\u00e9 de l\u2019AFG a pour objectif principal de travailler sur les diff\u00e9rents aspects de la probl\u00e9matique de la donn\u00e9e, notamment :<\/p>\n\n\n\n<ul class=\"wp-block-list\">\n<li>en lien avec les projets de textes europ\u00e9ens<\/li>\n\n\n\n<li>et en mati\u00e8re de droit de la concurrence,<\/li>\n<\/ul>\n\n\n\n<p>participant ainsi \u00e0 l\u2019\u00e9laboration de propositions de l\u2019AFG, en collaboration avec les autres instances de l\u2019association (r\u00e9ponses aux consultations, pr\u00e9paration d\u2019amendements, r\u00e9daction de notes de position sur la conformit\u00e9 des pratique au regard du droit de la concurrence\u2026).<br><\/p>\n\n\n\n<div class=\"wp-block-group has-border-background-color has-background\"><div class=\"wp-block-group__inner-container is-layout-constrained wp-block-group-is-layout-constrained\">\n<p>Le Comit\u00e9 Relations avec les fournisseurs d\u2019indices et de donn\u00e9es souhaite renforcer le nombre de participants ainsi que leurs comp\u00e9tences, recherchant les profils suivants souhaitant partager leur exp\u00e9rience et \u00eatre force de proposition :<\/p>\n\n\n\n<ul class=\"wp-block-list\">\n<li><strong>Sp\u00e9cialistes de la donn\u00e9e<\/strong><\/li>\n\n\n\n<li><strong>Juristes ayant un prisme droit de la donn\u00e9e \/ droit de la concurrence ou souhaitant s\u2019impliquer sur ces sujets<\/strong><\/li>\n\n\n\n<li><strong>Affaires publiques<\/strong><\/li>\n<\/ul>\n\n\n\n<p><br>La p\u00e9riodicit\u00e9 des r\u00e9unions de ce comit\u00e9 sera environ d\u2019une r\u00e9union tous les deux mois (naturellement adaptable en fonction des exigences issues notamment de l\u2019actualit\u00e9 r\u00e9glementaire).<\/p>\n<\/div><\/div>\n\n\n\n<div style=\"height:30px\" aria-hidden=\"true\" class=\"wp-block-spacer\"><\/div>\n\n\n\n<p class=\"has-white-color has-cyan-background-color has-text-color has-background has-link-color wp-elements-76160dd7e82a28f89fd0297f888b5570\"><strong>Nous invitons donc les soci\u00e9t\u00e9s de gestion qui seraient int\u00e9ress\u00e9es par cet objectif \u00e0 contacter rapidement J\u00e9r\u00f4me Abisset, <\/strong><strong><a href=\"mailto:c.herrgott@afg.asso.fr\">j.abisset@afg.asso.fr<\/a> \/ Caroline Herrgott, <a href=\"mailto:c.herrgott@afg.asso.fr\">c.herrgott@afg.asso.fr<\/a> , en charge de l\u2019organisation de ce comit\u00e9.<\/strong><\/p>\n\n\n\n<p><\/p>\n","protected":false},"excerpt":{"rendered":"<p>Avec l\u2019importance croissante des donn\u00e9es dans les m\u00e9tiers de la gestion d\u2019actifs, leur co\u00fbt toujours plus \u00e9lev\u00e9 et le besoin&hellip;<\/p>\n","protected":false},"author":6,"featured_media":0,"comment_status":"closed","ping_status":"closed","sticky":false,"template":"","format":"standard","meta":{"_acf_changed":true,"_gspb_post_css":"","wds_primary_category":5,"footnotes":""},"categories":[5],"tags":[],"thematics":[],"top_contenu":[44],"class_list":["post-111996","post","type-post","status-publish","format-standard","hentry","category-non-classifiee","top_contenu-top-contenu-espace-membre"],"acf":[],"_links":{"self":[{"href":"https:\/\/www.afg.asso.fr\/fr\/wp-json\/wp\/v2\/posts\/111996","targetHints":{"allow":["GET"]}}],"collection":[{"href":"https:\/\/www.afg.asso.fr\/fr\/wp-json\/wp\/v2\/posts"}],"about":[{"href":"https:\/\/www.afg.asso.fr\/fr\/wp-json\/wp\/v2\/types\/post"}],"author":[{"embeddable":true,"href":"https:\/\/www.afg.asso.fr\/fr\/wp-json\/wp\/v2\/users\/6"}],"replies":[{"embeddable":true,"href":"https:\/\/www.afg.asso.fr\/fr\/wp-json\/wp\/v2\/comments?post=111996"}],"version-history":[{"count":0,"href":"https:\/\/www.afg.asso.fr\/fr\/wp-json\/wp\/v2\/posts\/111996\/revisions"}],"wp:attachment":[{"href":"https:\/\/www.afg.asso.fr\/fr\/wp-json\/wp\/v2\/media?parent=111996"}],"wp:term":[{"taxonomy":"category","embeddable":true,"href":"https:\/\/www.afg.asso.fr\/fr\/wp-json\/wp\/v2\/categories?post=111996"},{"taxonomy":"post_tag","embeddable":true,"href":"https:\/\/www.afg.asso.fr\/fr\/wp-json\/wp\/v2\/tags?post=111996"},{"taxonomy":"thematics","embeddable":true,"href":"https:\/\/www.afg.asso.fr\/fr\/wp-json\/wp\/v2\/thematics?post=111996"},{"taxonomy":"top_contenu","embeddable":true,"href":"https:\/\/www.afg.asso.fr\/fr\/wp-json\/wp\/v2\/top_contenu?post=111996"}],"curies":[{"name":"wp","href":"https:\/\/api.w.org\/{rel}","templated":true}]}}