{"id":109864,"date":"2024-05-28T09:41:03","date_gmt":"2024-05-28T07:41:03","guid":{"rendered":"https:\/\/www.afg.asso.fr\/publication-dun-arrete-modifiant-le-referentiel-v3-du-label-isr-mai-2024\/"},"modified":"2024-05-28T09:41:03","modified_gmt":"2024-05-28T07:41:03","slug":"publication-dun-arrete-modifiant-le-referentiel-v3-du-label-isr-mai-2024","status":"publish","type":"post","link":"https:\/\/www.afg.asso.fr\/fr\/publication-dun-arrete-modifiant-le-referentiel-v3-du-label-isr-mai-2024\/","title":{"rendered":"Publication d&rsquo;un arr\u00eat\u00e9 modifiant le r\u00e9f\u00e9rentiel v3 du label ISR &#8211; mai 2024"},"content":{"rendered":"\n<p class=\"has-turquoise-background-color has-background\">L&rsquo;<a rel=\"noreferrer noopener\" href=\"https:\/\/www.legifrance.gouv.fr\/download\/pdf?id=WydCEdeT6c6yTa_23yI-8PFcI-K6hir26IRO3eqxK2g=\" data-type=\"URL\" data-id=\"https:\/\/www.legifrance.gouv.fr\/download\/pdf?id=WydCEdeT6c6yTa_23yI-8PFcI-K6hir26IRO3eqxK2g=\" target=\"_blank\"><strong>arr\u00eat\u00e9 du 16 mai 2024 <\/strong>modifiant l\u2019arr\u00eat\u00e9 du 8 janvier 2016 d\u00e9finissant le <strong>r\u00e9f\u00e9rentiel et le plan de contr\u00f4le et de surveillance du label \u00ab investissement socialement responsable \u00bb<\/strong><\/a> a \u00e9t\u00e9 publi\u00e9 au Journal Officiel. Il vient uniquement <strong>modifier<\/strong> <strong>l\u2019annexe 6 du le r\u00e9f\u00e9rentiel du label ISR.<\/strong><\/p>\n\n\n\n<p>Pour rappel, le<strong> <a href=\"https:\/\/www.tresor.economie.gouv.fr\/Articles\/2023\/12\/11\/label-isr-publication-du-nouveau-referentiel\" data-type=\"URL\" data-id=\"https:\/\/www.tresor.economie.gouv.fr\/Articles\/2023\/12\/11\/label-isr-publication-du-nouveau-referentiel\" target=\"_blank\" rel=\"noreferrer noopener\">calendrier d\u2019application<\/a> du r\u00e9f\u00e9rentiel v3 du label ISR<\/strong> est :<\/p>\n\n\n\n<ol class=\"wp-block-list\"><li>Modalit\u00e9s de transition propos\u00e9es pour les fonds candidats \u00e0 une premi\u00e8re labellisation (audits initiaux) :<br>&#8211; Les labellisations initiales sont suspendues <strong>entre la date de publication et la date d\u2019entr\u00e9e en application du r\u00e9f\u00e9rentiel V3, au premier mars 2024<\/strong>. Durant cette p\u00e9riode, les demandes d\u2019\u00e9ligibilit\u00e9 pourront \u00eatre effectu\u00e9es, mais les audits ne pourront pas \u00eatre r\u00e9alis\u00e9s avant la date d\u2019entr\u00e9e en application du r\u00e9f\u00e9rentiel V3.<br>&#8211; Dans le cas des certifications en cours \u00e0 date de publication du r\u00e9f\u00e9rentiel V3, l\u2019audit pourra \u00eatre finalis\u00e9 selon la version V2 si la contractualisation avec le certificateur a \u00e9t\u00e9 formalis\u00e9e avant la date de publication de la version V3 et que le certificat est d\u00e9livr\u00e9 dans un d\u00e9lai maximal de 3 mois apr\u00e8s la date de publication. Sinon, il faudra utiliser la version V3 du r\u00e9f\u00e9rentiel.<\/li><li>Modalit\u00e9s de transition propos\u00e9es pour les fonds d\u00e9j\u00e0 labellis\u00e9s avec la version V2 (audits de renouvellement et audit de suivi) :<br>Les <strong>fonds d\u00e9j\u00e0 labellis\u00e9s avec la V2<\/strong> b\u00e9n\u00e9ficient d\u2019une <strong>p\u00e9riode de transition jusqu\u2019au 1er janvier 2025.<\/strong> En pratique :<br>&#8211; Entre <strong>la date de publication du r\u00e9f\u00e9rentiel V3 final et sa date d\u2019entr\u00e9e en application, les audits de suivi et de renouvellement seront faits avec la version V2.<\/strong><br>&#8211; Entre la <strong>date d\u2019entr\u00e9e en application de la V3 et la fin de la p\u00e9riode de transition (01\/01\/2025), les audits seront r\u00e9alis\u00e9s avec la version V2. Les fonds concern\u00e9s auront la possibilit\u00e9 d\u2019\u00eatre \u00e9galement audit\u00e9s selon la V3 du r\u00e9f\u00e9rentiel, en faisant appara\u00eetre d\u2019\u00e9ventuelles \u00ab non-conformit\u00e9s de transition \u00bb.<\/strong> Ces \u00ab non-conformit\u00e9s de transition \u00bb ne seront pas p\u00e9nalisantes pour les fonds labellis\u00e9s et ne remettront pas en cause l\u2019obtention du label ; elles ont pour objectif de faciliter la transition des fonds vers la V3 d\u00e8s l\u2019ann\u00e9e qui suivra sa publication.<br>&#8211; A compter du <strong>1er janvier 2025,<\/strong> <strong>tout audit de suivi et de renouvellement sera r\u00e9alis\u00e9 avec la version V3 du r\u00e9f\u00e9rentiel.<\/strong><\/li><\/ol>\n","protected":false},"excerpt":{"rendered":"<p>L&rsquo;arr\u00eat\u00e9 du 16 mai 2024 modifiant l\u2019arr\u00eat\u00e9 du 8 janvier 2016 d\u00e9finissant le r\u00e9f\u00e9rentiel et le plan de contr\u00f4le et&hellip;<\/p>\n","protected":false},"author":0,"featured_media":0,"comment_status":"open","ping_status":"closed","sticky":false,"template":"","format":"standard","meta":{"_acf_changed":false,"_gspb_post_css":"","wds_primary_category":0,"footnotes":""},"categories":[5],"tags":[],"thematics":[95],"top_contenu":[],"class_list":["post-109864","post","type-post","status-publish","format-standard","hentry","category-non-classifiee","thematics-label"],"acf":[],"_links":{"self":[{"href":"https:\/\/www.afg.asso.fr\/fr\/wp-json\/wp\/v2\/posts\/109864","targetHints":{"allow":["GET"]}}],"collection":[{"href":"https:\/\/www.afg.asso.fr\/fr\/wp-json\/wp\/v2\/posts"}],"about":[{"href":"https:\/\/www.afg.asso.fr\/fr\/wp-json\/wp\/v2\/types\/post"}],"replies":[{"embeddable":true,"href":"https:\/\/www.afg.asso.fr\/fr\/wp-json\/wp\/v2\/comments?post=109864"}],"version-history":[{"count":0,"href":"https:\/\/www.afg.asso.fr\/fr\/wp-json\/wp\/v2\/posts\/109864\/revisions"}],"wp:attachment":[{"href":"https:\/\/www.afg.asso.fr\/fr\/wp-json\/wp\/v2\/media?parent=109864"}],"wp:term":[{"taxonomy":"category","embeddable":true,"href":"https:\/\/www.afg.asso.fr\/fr\/wp-json\/wp\/v2\/categories?post=109864"},{"taxonomy":"post_tag","embeddable":true,"href":"https:\/\/www.afg.asso.fr\/fr\/wp-json\/wp\/v2\/tags?post=109864"},{"taxonomy":"thematics","embeddable":true,"href":"https:\/\/www.afg.asso.fr\/fr\/wp-json\/wp\/v2\/thematics?post=109864"},{"taxonomy":"top_contenu","embeddable":true,"href":"https:\/\/www.afg.asso.fr\/fr\/wp-json\/wp\/v2\/top_contenu?post=109864"}],"curies":[{"name":"wp","href":"https:\/\/api.w.org\/{rel}","templated":true}]}}