{"id":109851,"date":"2024-04-11T17:06:17","date_gmt":"2024-04-11T15:06:17","guid":{"rendered":"https:\/\/www.afg.asso.fr\/propositions-de-lafg-pour-reussir-lunion-des-marches-de-capitaux-umc\/"},"modified":"2025-09-29T14:25:50","modified_gmt":"2025-09-29T12:25:50","slug":"propositions-de-lafg-pour-reussir-lunion-des-marches-de-capitaux-umc","status":"publish","type":"post","link":"https:\/\/www.afg.asso.fr\/fr\/propositions-de-lafg-pour-reussir-lunion-des-marches-de-capitaux-umc\/","title":{"rendered":"Propositions de l&rsquo;AFG pour r\u00e9ussir l\u2019Union des march\u00e9s de capitaux (UMC)"},"content":{"rendered":"\n<p><strong>Le financement de l\u2019autonomie strat\u00e9gique doit \u00eatre au c\u0153ur des priorit\u00e9s de l\u2019Union des march\u00e9s des capitaux (UMC)<\/strong>.<\/p>\n\n\n\n<p>L&rsquo;UMC doit favoriser la comp\u00e9titivit\u00e9 de l&rsquo;industrie financi\u00e8re europ\u00e9enne, une r\u00e9glementation agile et harmonis\u00e9e, et encadrer strictement les acteurs non financiers. Diversifier l&rsquo;offre de produits financiers, promouvoir l&rsquo;\u00e9pargne \u00e0 long terme, renforcer l&rsquo;\u00e9ducation financi\u00e8re et maintenir un acc\u00e8s au conseil financier pour tous sont tout autant essentiels.<\/p>\n\n\n\n<p>Le renouvellement imminent des institutions europ\u00e9ennes, repr\u00e9sente une opportunit\u00e9 unique pour donner une nouvelle impulsion \u00e0 l\u2019UMC. L\u2019AFG s\u2019engage pour \u00e9clairer les pouvoirs publics fran\u00e7ais et europ\u00e9ens sur les enjeux fondamentaux de financement de l\u2019\u00e9conomie, et sur le r\u00f4le central de la gestion d\u2019actifs.<\/p>\n\n\n\n<p><\/p>\n\n\n\n<p><\/p>\n\n\n\n<p><strong><a href=\"https:\/\/www.afg.asso.fr\/fr\/publication\/propositions-de-l-afg-pour-reussir-l-union-des-marches-de-capitaux-umc\/\" data-type=\"link\" data-id=\"https:\/\/www.afg.asso.fr\/fr\/publication\/propositions-de-l-afg-pour-reussir-l-union-des-marches-de-capitaux-umc\/\">Consultez les propositions de l&rsquo;AFG pour r\u00e9ussir l\u2019Union des march\u00e9s de capitaux (UMC)<\/a><\/strong><\/p>\n\n\n\n<p><strong><a href=\"https:\/\/www.afg.asso.fr\/fr\/publication\/europe-2030-working-together-to-make-the-vital-transitions-a-success-manifeste-afg-janvier-2024\/\">Consultez le manifeste de l&rsquo;AFG<\/a><\/strong><\/p>\n","protected":false},"excerpt":{"rendered":"<p>Le financement de l\u2019autonomie strat\u00e9gique doit \u00eatre au c\u0153ur des priorit\u00e9s de l\u2019Union des march\u00e9s des capitaux (UMC). L&rsquo;UMC doit&hellip;<\/p>\n","protected":false},"author":6,"featured_media":116797,"comment_status":"open","ping_status":"closed","sticky":false,"template":"","format":"standard","meta":{"_acf_changed":false,"_gspb_post_css":"","wds_primary_category":5,"footnotes":""},"categories":[5],"tags":[],"thematics":[172],"top_contenu":[],"class_list":["post-109851","post","type-post","status-publish","format-standard","has-post-thumbnail","hentry","category-non-classifiee","thematics-umc"],"acf":[],"_links":{"self":[{"href":"https:\/\/www.afg.asso.fr\/fr\/wp-json\/wp\/v2\/posts\/109851","targetHints":{"allow":["GET"]}}],"collection":[{"href":"https:\/\/www.afg.asso.fr\/fr\/wp-json\/wp\/v2\/posts"}],"about":[{"href":"https:\/\/www.afg.asso.fr\/fr\/wp-json\/wp\/v2\/types\/post"}],"author":[{"embeddable":true,"href":"https:\/\/www.afg.asso.fr\/fr\/wp-json\/wp\/v2\/users\/6"}],"replies":[{"embeddable":true,"href":"https:\/\/www.afg.asso.fr\/fr\/wp-json\/wp\/v2\/comments?post=109851"}],"version-history":[{"count":0,"href":"https:\/\/www.afg.asso.fr\/fr\/wp-json\/wp\/v2\/posts\/109851\/revisions"}],"wp:featuredmedia":[{"embeddable":true,"href":"https:\/\/www.afg.asso.fr\/fr\/wp-json\/wp\/v2\/media\/116797"}],"wp:attachment":[{"href":"https:\/\/www.afg.asso.fr\/fr\/wp-json\/wp\/v2\/media?parent=109851"}],"wp:term":[{"taxonomy":"category","embeddable":true,"href":"https:\/\/www.afg.asso.fr\/fr\/wp-json\/wp\/v2\/categories?post=109851"},{"taxonomy":"post_tag","embeddable":true,"href":"https:\/\/www.afg.asso.fr\/fr\/wp-json\/wp\/v2\/tags?post=109851"},{"taxonomy":"thematics","embeddable":true,"href":"https:\/\/www.afg.asso.fr\/fr\/wp-json\/wp\/v2\/thematics?post=109851"},{"taxonomy":"top_contenu","embeddable":true,"href":"https:\/\/www.afg.asso.fr\/fr\/wp-json\/wp\/v2\/top_contenu?post=109851"}],"curies":[{"name":"wp","href":"https:\/\/api.w.org\/{rel}","templated":true}]}}