{"id":109848,"date":"2024-04-09T14:45:00","date_gmt":"2024-04-09T12:45:00","guid":{"rendered":"https:\/\/www.afg.asso.fr\/gestion-info-printemps-2024-la-gestion-dactifs-au-service-de-lautonomie-strategique-de-leurope\/"},"modified":"2024-04-09T14:45:00","modified_gmt":"2024-04-09T12:45:00","slug":"gestion-info-printemps-2024-la-gestion-dactifs-au-service-de-lautonomie-strategique-de-leurope","status":"publish","type":"post","link":"https:\/\/www.afg.asso.fr\/fr\/gestion-info-printemps-2024-la-gestion-dactifs-au-service-de-lautonomie-strategique-de-leurope\/","title":{"rendered":"Gestion Info &#8211; Printemps 2024 \u00ab La gestion d\u2019actifs au service de l\u2019autonomie strat\u00e9gique de l\u2019Europe \u00bb"},"content":{"rendered":"\n<p><\/p>\n\n\n\n<p><em>A d\u00e9couvrir dans ce num\u00e9ro  :<\/em><\/p>\n\n\n\n<p><\/p>\n\n\n\n<ul class=\"wp-block-list\"><li><strong>Focus<\/strong> &#8211; L&rsquo;\u00e9pargne de long terme un enjeu fort pour l&rsquo;\u00e9conomie europ\u00e9enne\u00a0\u00bb<\/li><\/ul>\n\n\n\n<p><\/p>\n\n\n\n<ul class=\"wp-block-list\"><li><strong>Edito par Fannie Wurtz<\/strong> \u00ab\u00a0Le financement de l\u2019autonomie strat\u00e9gique doit \u00eatre au coeur des priorit\u00e9s de l\u2019Union des march\u00e9s des capitaux (UMC)\u00a0\u00bb<\/li><\/ul>\n\n\n\n<p><\/p>\n\n\n\n<ul class=\"wp-block-list\"><li><strong>Entretien<\/strong> &#8211; L\u2019AFG \u00e0 Bruxelles : un partenaire reconnu par les institutions europ\u00e9ennes<\/li><\/ul>\n\n\n\n<p><\/p>\n\n\n\n<ul class=\"wp-block-list\"><li><strong>Dossier<\/strong> &#8211; Nos propositions pour r\u00e9ussir ensemble les transitions vitales<\/li><\/ul>\n\n\n\n<p><\/p>\n\n\n\n<ul class=\"wp-block-list\"><li><strong>Actus<\/strong> : Recommandations sur le gouvernement d\u2019entreprise, promulgation de l\u2019AI ACT, r\u00e9vision du BMR, ESG ratings, r\u00e8glement des transactions sur titres \u00e0 T+1, stabilit\u00e9 de la r\u00e8glementation des fonds mon\u00e9taires, les th\u00e9matiques de 2024 des contr\u00f4les SPOT AMF ; sans oublier le Club Export et des exclusivit\u00e9s AFG<\/li><\/ul>\n\n\n\n<p><\/p>\n\n\n\n<p><\/p>\n\n\n\n<p><\/p>\n\n\n\n<p><a href=\"https:\/\/www.afg.asso.fr\/fr\/publication\/\/gestion-info-printemps-2024\/\" data-type=\"URL\" data-id=\"https:\/\/www.afg.asso.fr\/fr\/publication\/\/gestion-info-printemps-2024\/\" target=\"_blank\" rel=\"noreferrer noopener\"><strong>Consultez Gestion Info Printemps 2024<\/strong><\/a><\/p>\n","protected":false},"excerpt":{"rendered":"<p>A d\u00e9couvrir dans ce num\u00e9ro : Focus &#8211; L&rsquo;\u00e9pargne de long terme un enjeu fort pour l&rsquo;\u00e9conomie europ\u00e9enne\u00a0\u00bb Edito par&hellip;<\/p>\n","protected":false},"author":0,"featured_media":0,"comment_status":"open","ping_status":"closed","sticky":false,"template":"","format":"standard","meta":{"_acf_changed":false,"_gspb_post_css":"","wds_primary_category":0,"footnotes":""},"categories":[5],"tags":[],"thematics":[172],"top_contenu":[],"class_list":["post-109848","post","type-post","status-publish","format-standard","hentry","category-non-classifiee","thematics-umc"],"acf":[],"_links":{"self":[{"href":"https:\/\/www.afg.asso.fr\/fr\/wp-json\/wp\/v2\/posts\/109848","targetHints":{"allow":["GET"]}}],"collection":[{"href":"https:\/\/www.afg.asso.fr\/fr\/wp-json\/wp\/v2\/posts"}],"about":[{"href":"https:\/\/www.afg.asso.fr\/fr\/wp-json\/wp\/v2\/types\/post"}],"replies":[{"embeddable":true,"href":"https:\/\/www.afg.asso.fr\/fr\/wp-json\/wp\/v2\/comments?post=109848"}],"version-history":[{"count":0,"href":"https:\/\/www.afg.asso.fr\/fr\/wp-json\/wp\/v2\/posts\/109848\/revisions"}],"wp:attachment":[{"href":"https:\/\/www.afg.asso.fr\/fr\/wp-json\/wp\/v2\/media?parent=109848"}],"wp:term":[{"taxonomy":"category","embeddable":true,"href":"https:\/\/www.afg.asso.fr\/fr\/wp-json\/wp\/v2\/categories?post=109848"},{"taxonomy":"post_tag","embeddable":true,"href":"https:\/\/www.afg.asso.fr\/fr\/wp-json\/wp\/v2\/tags?post=109848"},{"taxonomy":"thematics","embeddable":true,"href":"https:\/\/www.afg.asso.fr\/fr\/wp-json\/wp\/v2\/thematics?post=109848"},{"taxonomy":"top_contenu","embeddable":true,"href":"https:\/\/www.afg.asso.fr\/fr\/wp-json\/wp\/v2\/top_contenu?post=109848"}],"curies":[{"name":"wp","href":"https:\/\/api.w.org\/{rel}","templated":true}]}}