{"id":109847,"date":"2024-04-04T07:45:00","date_gmt":"2024-04-04T05:45:00","guid":{"rendered":"https:\/\/www.afg.asso.fr\/panorama-2023-marche-de-la-gestion-pour-compte-de-tiers\/"},"modified":"2024-04-04T07:45:00","modified_gmt":"2024-04-04T05:45:00","slug":"panorama-2023-marche-de-la-gestion-pour-compte-de-tiers","status":"publish","type":"post","link":"https:\/\/www.afg.asso.fr\/fr\/panorama-2023-marche-de-la-gestion-pour-compte-de-tiers\/","title":{"rendered":"Panorama 2023 &#8211; March\u00e9 de la gestion pour compte de tiers"},"content":{"rendered":"\n<p><strong><strong>En 2023, la France se positionne comme un acteur majeur du march\u00e9 europ\u00e9en de la gestion d\u2019actifs, enregistrant une hausse significative des encours annuels. Les soci\u00e9t\u00e9s de gestion fran\u00e7aises tiennent une place pr\u00e9pond\u00e9rante en Europe, notamment dans le domaine de la gestion d\u2019actifs ESG. Au niveau europ\u00e9en, les encours sous gestion ont augment\u00e9 en 2023 apr\u00e8s une baisse en 2022.<\/strong><\/strong><\/p>\n\n\n\n<p><\/p>\n\n\n\n<p><strong>Les principaux enseignements du panorama incluent&nbsp;:<\/strong><\/p>\n\n\n\n<ul class=\"wp-block-list\"><li><strong>Une hausse annuelle des encours sous gestion en France <\/strong>(mandats et OPC)<strong> de + 6 % d\u00e9passant les<\/strong> <strong>4 600 Mds\u20ac.<\/strong> Le taux de croissance annualis\u00e9 ressort \u00e0 + 4,2 % depuis la crise financi\u00e8re de 2008.<\/li><\/ul>\n\n\n\n<p><\/p>\n\n\n\n<ul class=\"wp-block-list\"><li><strong>Une hausse de +8% de l\u2019encours des OPC de droit fran\u00e7ais<\/strong> <strong>(2 279 Mds\u20ac). <\/strong>Avec des augmentations notables pour les OPCVM (UCITS) (916 Mds\u20ac, soit + 9,5 %) et les FIA (Fonds d\u2019investissement alternatifs au sens de la directive AIFM) (1 363 Mds\u20ac + 6,9 %).<\/li><\/ul>\n\n\n\n<p><\/p>\n\n\n\n<ul class=\"wp-block-list\"><li><strong>Une croissance de +14,3% des encours des OPC de droit fran\u00e7ais<\/strong> \u00ab\u00a0<strong>SFDR<\/strong>\u00a0\u00bb (1 277 Mds\u20ac) avec une distinction entre les OPC \u00ab\u00a0article 8\u00a0\u00bb (1 213 Mds\u20ac, + 16,2 %) et les OPC \u00ab\u00a0article 9\u00a0\u00bb (64 Mds\u20ac, -12,5%).<\/li><\/ul>\n\n\n\n<p><\/p>\n\n\n\n<ul class=\"wp-block-list\"><li><strong>Une collecte nette positive pour les OPC de droit fran\u00e7ais<\/strong>, <strong>mon\u00e9taires et obligataires (+56,8 Mds\u20ac)<\/strong> tandis que les OPC actions et diversifi\u00e9s font face \u00e0 des rachats<strong> (-40,9 Mds\u20ac).<\/strong><\/li><\/ul>\n\n\n\n<p><\/p>\n\n\n\n<ul class=\"wp-block-list\"><li><strong>Le nombre des soci\u00e9t\u00e9s de gestion (SGP) fran\u00e7aises<\/strong> <strong>se stabilise \u00e0<\/strong> <strong>700<\/strong> avec 23 nouvelles cr\u00e9ations compens\u00e9es par des consolidations et rapprochements.<\/li><\/ul>\n\n\n\n<p><\/p>\n\n\n\n<ul class=\"wp-block-list\"><li><strong>Les SGP fran\u00e7aises occupent la premi\u00e8re place de l\u2019Union europ\u00e9enne, avec une part de march\u00e9 de 31 % pour les OPC et pour les mandats de gestion.<\/strong><\/li><\/ul>\n\n\n\n<p><\/p>\n\n\n\n<ul class=\"wp-block-list\"><li><strong>Les SGP fran\u00e7aises sont leader en Europe dans la gestion des fonds ESG<\/strong> selon la r\u00e9glementation SFDR avec une part de march\u00e9 de <strong>30 %<\/strong>.<\/li><\/ul>\n\n\n\n<p><\/p>\n\n\n\n<ul class=\"wp-block-list\"><li><strong>Les encours des OPC de droit \u00e9tranger g\u00e9r\u00e9s en France par pr\u00e8s de 150 SGP approche les 880 Mds\u20ac.<\/strong><\/li><\/ul>\n\n\n\n<p><\/p>\n\n\n\n<ul class=\"wp-block-list\"><li><strong>Au niveau europ\u00e9en, l\u2019encours des fonds<\/strong> d\u00e9passe les <strong>20 720 Mds\u20ac<\/strong>, <strong>en hausse de + 8,5 %<\/strong> (vs. &#8211; 12,8 % en 2022) avec une <strong>collecte nette positive<\/strong> pour <strong>les OPC de taux.<\/strong><\/li><\/ul>\n\n\n\n<p><\/p>\n\n\n\n<p><\/p>\n\n\n\n<p><a rel=\"noreferrer noopener\" href=\"https:\/\/www.afg.asso.fr\/fr\/publication\/\/panorama-2023-du-marche-de-la-gestion-pour-compte-de-tiers\/\" data-type=\"URL\" data-id=\"https:\/\/www.afg.asso.fr\/fr\/publication\/\/panorama-2023-du-marche-de-la-gestion-pour-compte-de-tiers\/\" target=\"_blank\"><strong>Consultez le Panorama 2023<\/strong><\/a><\/p>\n\n\n\n<p><strong><a href=\"https:\/\/www.afg.asso.fr\/fr\/publication\/\/communique-de-presse-panorama-2023-marche-de-la-gestion-pour-compte-de-tiers\/\" data-type=\"URL\" data-id=\"https:\/\/www.afg.asso.fr\/fr\/publication\/\/communique-de-presse-panorama-2023-marche-de-la-gestion-pour-compte-de-tiers\/\" target=\"_blank\" rel=\"noreferrer noopener\">Consultez le communiqu\u00e9 de presse<\/a><\/strong><\/p>\n","protected":false},"excerpt":{"rendered":"<p>En 2023, la France se positionne comme un acteur majeur du march\u00e9 europ\u00e9en de la gestion d\u2019actifs, enregistrant une hausse&hellip;<\/p>\n","protected":false},"author":0,"featured_media":0,"comment_status":"open","ping_status":"closed","sticky":false,"template":"","format":"standard","meta":{"_acf_changed":false,"_gspb_post_css":"","wds_primary_category":0,"footnotes":""},"categories":[5],"tags":[],"thematics":[161],"top_contenu":[],"class_list":["post-109847","post","type-post","status-publish","format-standard","hentry","category-non-classifiee","thematics-etudes_economiques"],"acf":[],"_links":{"self":[{"href":"https:\/\/www.afg.asso.fr\/fr\/wp-json\/wp\/v2\/posts\/109847","targetHints":{"allow":["GET"]}}],"collection":[{"href":"https:\/\/www.afg.asso.fr\/fr\/wp-json\/wp\/v2\/posts"}],"about":[{"href":"https:\/\/www.afg.asso.fr\/fr\/wp-json\/wp\/v2\/types\/post"}],"replies":[{"embeddable":true,"href":"https:\/\/www.afg.asso.fr\/fr\/wp-json\/wp\/v2\/comments?post=109847"}],"version-history":[{"count":0,"href":"https:\/\/www.afg.asso.fr\/fr\/wp-json\/wp\/v2\/posts\/109847\/revisions"}],"wp:attachment":[{"href":"https:\/\/www.afg.asso.fr\/fr\/wp-json\/wp\/v2\/media?parent=109847"}],"wp:term":[{"taxonomy":"category","embeddable":true,"href":"https:\/\/www.afg.asso.fr\/fr\/wp-json\/wp\/v2\/categories?post=109847"},{"taxonomy":"post_tag","embeddable":true,"href":"https:\/\/www.afg.asso.fr\/fr\/wp-json\/wp\/v2\/tags?post=109847"},{"taxonomy":"thematics","embeddable":true,"href":"https:\/\/www.afg.asso.fr\/fr\/wp-json\/wp\/v2\/thematics?post=109847"},{"taxonomy":"top_contenu","embeddable":true,"href":"https:\/\/www.afg.asso.fr\/fr\/wp-json\/wp\/v2\/top_contenu?post=109847"}],"curies":[{"name":"wp","href":"https:\/\/api.w.org\/{rel}","templated":true}]}}