{"id":109840,"date":"2024-03-19T20:24:38","date_gmt":"2024-03-19T19:24:38","guid":{"rendered":"https:\/\/www.afg.asso.fr\/lafg-salue-les-annonces-en-faveur-des-pme-cotees-alignees-avec-les-ambitions-de-son-initiative-pme-2030\/"},"modified":"2025-03-18T11:38:10","modified_gmt":"2025-03-18T10:38:10","slug":"lafg-salue-les-annonces-en-faveur-des-pme-cotees-alignees-avec-les-ambitions-de-son-initiative-pme-2030","status":"publish","type":"post","link":"https:\/\/www.afg.asso.fr\/fr\/lafg-salue-les-annonces-en-faveur-des-pme-cotees-alignees-avec-les-ambitions-de-son-initiative-pme-2030\/","title":{"rendered":"L\u2019AFG salue les annonces en faveur des PME cot\u00e9es, align\u00e9es avec les ambitions de son initiative \u00ab PME 2030 \u00bb"},"content":{"rendered":"\n<p><strong>L&rsquo;Association Fran\u00e7aise de la Gestion financi\u00e8re (AFG) exprime sa satisfaction \u00e0 la suite des annonces du Pr\u00e9sident de la R\u00e9publique en faveur des PME-ETI cot\u00e9es. Ces annonces sont en ligne avec les orientations de l\u2019initiative \u00ab&nbsp;PME 2030&nbsp;\u00bb de l\u2019AFG <\/strong>pr\u00e9sid\u00e9e par Aude de Lardemelle directrice g\u00e9n\u00e9rale de CDC Croissance et Guillaume Dard vice-pr\u00e9sident de l\u2019AFG et pr\u00e9sident de Montpensier Finance. <strong>C\u2019est un encouragement fort \u00e0 poursuivre les efforts dans cette voie.<\/strong><\/p>\n\n\n\n<p><strong>La mobilisation de capitaux pour financer les PME-ETI est indispensable pour cr\u00e9er les champions de demain et assurer notre autonomie strat\u00e9gique industrielle et \u00e9conomique<\/strong>. Les membres de l&rsquo;AFG, responsables de la gestion de l\u2019\u00e9pargne qui leur est confi\u00e9e, jouent un r\u00f4le clef en orientant cette \u00e9pargne vers les entreprises.<strong><\/strong><\/p>\n\n\n\n<p><strong>L\u2019initiative \u00ab&nbsp;PME 2030&nbsp;\u00bb a d\u00e9j\u00e0 produit des propositions concr\u00e8tes, centr\u00e9es sur la simplification des dispositifs d\u2019investissement et l\u2019incitation fiscale<\/strong>, pour structurer efficacement l\u2019\u00e9cosyst\u00e8me financier et encourager les investissements dans les entreprises cot\u00e9es. <strong>Certaines de nos propositions sont pr\u00e9sent\u00e9es dans le communiqu\u00e9 de presse,  en lien avec les annonces du Pr\u00e9sident de la R\u00e9publique.<\/strong><\/p>\n\n\n\n<p><strong><a href=\"https:\/\/www.afg.asso.fr\/fr\/publication\/lafg-salue-les-annonces-en-faveur-des-pme-cotees-alignees-avec-les-ambitions-de-son-initiative-pme-2030\/\" data-type=\"link\" data-id=\"https:\/\/www.afg.asso.fr\/fr\/publication\/lafg-salue-les-annonces-en-faveur-des-pme-cotees-alignees-avec-les-ambitions-de-son-initiative-pme-2030\/\">Consultez le communiqu\u00e9 de presse<\/a><\/strong><\/p>\n\n\n\n<p><\/p>\n","protected":false},"excerpt":{"rendered":"<p>L&rsquo;Association Fran\u00e7aise de la Gestion financi\u00e8re (AFG) exprime sa satisfaction \u00e0 la suite des annonces du Pr\u00e9sident de la R\u00e9publique&hellip;<\/p>\n","protected":false},"author":6,"featured_media":17159,"comment_status":"open","ping_status":"closed","sticky":false,"template":"","format":"standard","meta":{"_acf_changed":false,"_gspb_post_css":"","wds_primary_category":0,"footnotes":""},"categories":[5],"tags":[],"thematics":[135],"top_contenu":[],"class_list":["post-109840","post","type-post","status-publish","format-standard","has-post-thumbnail","hentry","category-non-classifiee","thematics-pme_eti"],"acf":[],"_links":{"self":[{"href":"https:\/\/www.afg.asso.fr\/fr\/wp-json\/wp\/v2\/posts\/109840","targetHints":{"allow":["GET"]}}],"collection":[{"href":"https:\/\/www.afg.asso.fr\/fr\/wp-json\/wp\/v2\/posts"}],"about":[{"href":"https:\/\/www.afg.asso.fr\/fr\/wp-json\/wp\/v2\/types\/post"}],"author":[{"embeddable":true,"href":"https:\/\/www.afg.asso.fr\/fr\/wp-json\/wp\/v2\/users\/6"}],"replies":[{"embeddable":true,"href":"https:\/\/www.afg.asso.fr\/fr\/wp-json\/wp\/v2\/comments?post=109840"}],"version-history":[{"count":0,"href":"https:\/\/www.afg.asso.fr\/fr\/wp-json\/wp\/v2\/posts\/109840\/revisions"}],"wp:featuredmedia":[{"embeddable":true,"href":"https:\/\/www.afg.asso.fr\/fr\/wp-json\/wp\/v2\/media\/17159"}],"wp:attachment":[{"href":"https:\/\/www.afg.asso.fr\/fr\/wp-json\/wp\/v2\/media?parent=109840"}],"wp:term":[{"taxonomy":"category","embeddable":true,"href":"https:\/\/www.afg.asso.fr\/fr\/wp-json\/wp\/v2\/categories?post=109840"},{"taxonomy":"post_tag","embeddable":true,"href":"https:\/\/www.afg.asso.fr\/fr\/wp-json\/wp\/v2\/tags?post=109840"},{"taxonomy":"thematics","embeddable":true,"href":"https:\/\/www.afg.asso.fr\/fr\/wp-json\/wp\/v2\/thematics?post=109840"},{"taxonomy":"top_contenu","embeddable":true,"href":"https:\/\/www.afg.asso.fr\/fr\/wp-json\/wp\/v2\/top_contenu?post=109840"}],"curies":[{"name":"wp","href":"https:\/\/api.w.org\/{rel}","templated":true}]}}