{"id":109835,"date":"2024-03-11T17:11:52","date_gmt":"2024-03-11T16:11:52","guid":{"rendered":"https:\/\/www.afg.asso.fr\/lafg-se-mobilise-pour-le-financement-des-pme-eti-avec-pme-2030\/"},"modified":"2025-03-20T10:39:35","modified_gmt":"2025-03-20T09:39:35","slug":"lafg-se-mobilise-pour-le-financement-des-pme-eti-avec-pme-2030","status":"publish","type":"post","link":"https:\/\/www.afg.asso.fr\/fr\/lafg-se-mobilise-pour-le-financement-des-pme-eti-avec-pme-2030\/","title":{"rendered":"L&rsquo;AFG se mobilise pour le financement des PME-ETI avec \u00ab PME 2030 \u00bb"},"content":{"rendered":"\n<p><strong>L&rsquo;Association Fran\u00e7aise de la Gestion financi\u00e8re (AFG) lance l\u2019initiative \u00ab&nbsp;PME&nbsp;2030&nbsp;\u00bb exclusivement d\u00e9di\u00e9e aux enjeux de financement des Petites et Moyennes Entreprises et Entreprises de Taille Interm\u00e9diaire (PME-ETI) en particulier celles qui sont cot\u00e9es.<\/strong><\/p>\n\n\n\n<p><strong>Les membres de l&rsquo;AFG, responsables de la gestion de l\u2019\u00e9pargne qui leur est confi\u00e9e, jouent un r\u00f4le crucial dans le financement des entreprises, des start-ups non cot\u00e9es aux grandes entreprises.<\/strong><\/p>\n\n\n\n<p><strong>La r\u00e9ussite du financement des PME-ETI constitue un \u00e9l\u00e9ment essentiel<\/strong> pour la croissance \u00e9conomique des territoires en Europe et la r\u00e9ussite des grandes transitions \u00e9cologiques et num\u00e9riques. Les PME-ETI sont indispensables \u00e0 l\u2019innovation dans les nouvelles technologies.<\/p>\n\n\n\n<p><strong>Les PME-ETI font face actuellement \u00e0 des d\u00e9fis majeurs<\/strong>, d\u2019acc\u00e8s au financement en capital (introduction en bourse et augmentation de capital). La r\u00e9ussite de la cotation des petites et moyennes valeurs est pourtant essentielle, car ce mode de financement permet de mobiliser des fonds indispensables pour cr\u00e9er les champions de demain.<\/p>\n\n\n\n<p><strong><a href=\"https:\/\/www.afg.asso.fr\/fr\/publication\/lafg-se-mobilise-pour-le-financement-des-pme-eti-avec-pme-2030\/\">Acc\u00e9dez au communiqu\u00e9 de presse<\/a><\/strong><\/p>\n\n\n\n<p><\/p>\n","protected":false},"excerpt":{"rendered":"<p>L&rsquo;Association Fran\u00e7aise de la Gestion financi\u00e8re (AFG) lance l\u2019initiative \u00ab&nbsp;PME&nbsp;2030&nbsp;\u00bb exclusivement d\u00e9di\u00e9e aux enjeux de financement des Petites et Moyennes&hellip;<\/p>\n","protected":false},"author":6,"featured_media":0,"comment_status":"open","ping_status":"closed","sticky":false,"template":"","format":"standard","meta":{"_acf_changed":true,"_gspb_post_css":"","wds_primary_category":5,"footnotes":""},"categories":[5],"tags":[],"thematics":[135],"top_contenu":[],"class_list":["post-109835","post","type-post","status-publish","format-standard","hentry","category-non-classifiee","thematics-pme_eti"],"acf":[],"_links":{"self":[{"href":"https:\/\/www.afg.asso.fr\/fr\/wp-json\/wp\/v2\/posts\/109835","targetHints":{"allow":["GET"]}}],"collection":[{"href":"https:\/\/www.afg.asso.fr\/fr\/wp-json\/wp\/v2\/posts"}],"about":[{"href":"https:\/\/www.afg.asso.fr\/fr\/wp-json\/wp\/v2\/types\/post"}],"author":[{"embeddable":true,"href":"https:\/\/www.afg.asso.fr\/fr\/wp-json\/wp\/v2\/users\/6"}],"replies":[{"embeddable":true,"href":"https:\/\/www.afg.asso.fr\/fr\/wp-json\/wp\/v2\/comments?post=109835"}],"version-history":[{"count":0,"href":"https:\/\/www.afg.asso.fr\/fr\/wp-json\/wp\/v2\/posts\/109835\/revisions"}],"wp:attachment":[{"href":"https:\/\/www.afg.asso.fr\/fr\/wp-json\/wp\/v2\/media?parent=109835"}],"wp:term":[{"taxonomy":"category","embeddable":true,"href":"https:\/\/www.afg.asso.fr\/fr\/wp-json\/wp\/v2\/categories?post=109835"},{"taxonomy":"post_tag","embeddable":true,"href":"https:\/\/www.afg.asso.fr\/fr\/wp-json\/wp\/v2\/tags?post=109835"},{"taxonomy":"thematics","embeddable":true,"href":"https:\/\/www.afg.asso.fr\/fr\/wp-json\/wp\/v2\/thematics?post=109835"},{"taxonomy":"top_contenu","embeddable":true,"href":"https:\/\/www.afg.asso.fr\/fr\/wp-json\/wp\/v2\/top_contenu?post=109835"}],"curies":[{"name":"wp","href":"https:\/\/api.w.org\/{rel}","templated":true}]}}