{"id":109825,"date":"2024-02-02T12:02:17","date_gmt":"2024-02-02T11:02:17","guid":{"rendered":"https:\/\/www.afg.asso.fr\/lafg-publie-un-manifeste-soulignant-limportance-vitale-de-la-gestion-dactifs-europeenne-pour-renforcer-lautonomie-strategique-de-lue\/"},"modified":"2024-02-02T12:02:17","modified_gmt":"2024-02-02T11:02:17","slug":"lafg-publie-un-manifeste-soulignant-limportance-vitale-de-la-gestion-dactifs-europeenne-pour-renforcer-lautonomie-strategique-de-lue","status":"publish","type":"post","link":"https:\/\/www.afg.asso.fr\/fr\/lafg-publie-un-manifeste-soulignant-limportance-vitale-de-la-gestion-dactifs-europeenne-pour-renforcer-lautonomie-strategique-de-lue\/","title":{"rendered":"L&rsquo;AFG publie un manifeste soulignant l\u2019importance vitale de la gestion d\u2019actifs europ\u00e9enne pour renforcer l\u2019autonomie strat\u00e9gique de l\u2019UE"},"content":{"rendered":"\n<p><strong>A l\u2019occasion de sa conf\u00e9rence europ\u00e9enne \u00e0 Bruxelles le 1<sup>er<\/sup> f\u00e9vrier,<\/strong> <strong>l\u2019AFG publie son manifeste et r\u00e9affirme le r\u00f4le cl\u00e9 de la gestion d\u2019actifs dans le financement des grandes transitions europ\u00e9ennes. <\/strong>Devant de<strong> <\/strong>nombreux repr\u00e9sentants de l\u2019industrie et des institutions, elle a rappel\u00e9 que<strong> l\u2019\u00e9conomie europ\u00e9enne a besoin de g\u00e9rants d\u2019actifs locaux comp\u00e9titifs pour financer les investissements et renforcer l\u2019autonomie strat\u00e9gique de l\u2019Union europ\u00e9enne.<\/strong><\/p>\n\n\n\n<p>Philippe Setbon, pr\u00e9sident de l\u2019AFG, souligne<em>&nbsp;: \u00ab&nbsp;L\u2019Europe de 2030 se construit aujourd\u2019hui. Face \u00e0 des d\u00e9fis sans pr\u00e9c\u00e9dent, l\u2019Europe doit prendre les bonnes d\u00e9cisions pour r\u00e9ussir ses transitions \u00e9cologiques et num\u00e9riques, sa nouvelle r\u00e9volution industrielle. Financer les retraites d\u2019une population vieillissante est aussi un d\u00e9fi de taille. La mobilisation des ressources du secteur priv\u00e9 est essentielle. Elle doit s\u2019appuyer sur des r\u00e8glementations veillant \u00e0 la comp\u00e9titivit\u00e9 des acteurs europ\u00e9ens de la gestion d\u2019actifs pour qu\u2019ils puissent continuer \u00e0 servir leurs clients en orientant leur \u00e9pargne vers les entreprises europ\u00e9ennes performantes et engag\u00e9es dans les transitions.&nbsp;\u00bb.<\/em><\/p>\n\n\n\n<p>Le besoin de financement europ\u00e9en additionnel dans les transitions vertes et num\u00e9riques est colossal, estim\u00e9 \u00e0 735 milliards d\u2019euros par an d\u2019ici 2030 selon la Commission europ\u00e9enne.<a href=\"#_ftn1\">[1]<\/a><\/p>\n\n\n\n<p>Le r\u00f4le des g\u00e9rants d\u2019actifs est indispensable au financement de l\u2019\u00e9conomie europ\u00e9enne gr\u00e2ce \u00e0 la bonne gestion des investissements institutionnels et particuliers. Or, en 15 ans, la part de march\u00e9 mondiale des gestionnaires d\u2019actifs europ\u00e9ens a pourtant diminu\u00e9 de 47% \u00e0 22%<a href=\"#_ftn2\">[2]<\/a>, signal tr\u00e8s pr\u00e9occupant dans un contexte o\u00f9 l\u2019Union europ\u00e9enne a plus que jamais besoin de gestionnaires d\u2019actifs forts. En cons\u00e9quence, la part de l\u2019\u00e9pargne investie en actions europ\u00e9ennes \u00e0 l\u2019actif des fonds europ\u00e9ens d\u2019actions a chut\u00e9 de 51% \u00e0 35%<a href=\"#_ftn3\">[3]<\/a>.<\/p>\n\n\n\n<p>Pour renforcer la capacit\u00e9 de l\u2019UE \u00e0 financer les investissements n\u00e9cessaires \u00e0 son autonomie strat\u00e9gique, l\u2019AFG et l\u2019industrie fran\u00e7aise de la gestion d\u2019actifs s\u2019engagent pleinement au service de l\u2019\u00e9conomie europ\u00e9enne. Les \u00e9lections europ\u00e9ennes en juin 2024 et le renouvellement du coll\u00e8ge des Commissaires qui suivra constituent une opportunit\u00e9 de repenser le march\u00e9 unique et l\u2019Union des march\u00e9s de capitaux (UMC).<\/p>\n\n\n\n<div class=\"wp-block-group\"><div class=\"wp-block-group__inner-container is-layout-flow wp-block-group-is-layout-flow\">\n<p><strong>C\u2019est dans cette perspective que nous publions <\/strong><a href=\"https:\/\/www.afg.asso.fr\/fr\/publication\/\/europe-2030-working-together-to-make-the-vital-transitions-a-success-manifesto-afg-january-2024\/\"><strong>un manifeste<\/strong><\/a><strong> pour une Europe florissante \u00e0 horizon 2030.<\/strong><\/p>\n\n\n\n<p><strong>A horizon 2030 l\u2019\u00e9conomie de l\u2019UE sera florissante, si\u2026<\/strong><\/p>\n\n\n\n<ul class=\"wp-block-list\"><li><strong>La r\u00e9glementation de l\u2019UE veille \u00e0&nbsp;renforcer l\u2019autonomie financi\u00e8re et&nbsp;la&nbsp;comp\u00e9titivit\u00e9 de&nbsp;l\u2019Europe&nbsp;;<\/strong><\/li><li><strong>L\u2019\u00e9pargne europ\u00e9enne devient le&nbsp;moteur du financement par les march\u00e9s&nbsp;de l\u2019\u00e9conomie europ\u00e9enne et finance les grandes transitions&nbsp;;<\/strong><\/li><li><strong>Dans un cadre protecteur, les citoyens de l\u2019UE sont les acteurs de&nbsp;leur \u00e9mancipation financi\u00e8re et de leur souverainet\u00e9 collective.<\/strong><\/li><\/ul>\n\n\n\n<p><strong>Nous devons repenser le march\u00e9 unique et l\u2019Union des march\u00e9s de capitaux en :<\/strong><\/p>\n\n\n\n<ul class=\"wp-block-list\"><li><strong>Pla\u00e7ant la comp\u00e9titivit\u00e9 de l\u2019industrie financi\u00e8re europ\u00e9enne au c\u0153ur des d\u00e9cisions politiques<\/strong> et de toute nouvelle r\u00e8glementation&nbsp;;<\/li><li><strong>Am\u00e9liorant le cadre de la finance durable<\/strong> en coordonnant plus efficacement les r\u00e8glementations&nbsp;;<\/li><li><strong>Encadrant mieux l\u2019\u00e9cosyst\u00e8me d\u2019acteurs non financiers<\/strong>, comme les fournisseurs de donn\u00e9es ou d\u2019indices, qui sont essentiels au bon fonctionnement des march\u00e9s&nbsp;;<\/li><li><strong>Favorisant les produits financiers qui soutiennent le financement de l\u2019\u00e9conomie europ\u00e9enne<\/strong>&nbsp;;<\/li><li><strong>D\u00e9veloppant une \u00e9pargne financi\u00e8re de long terme<\/strong> adapt\u00e9e aux besoins des citoyens&nbsp;;<\/li><li><strong>Renfor\u00e7ant la culture financi\u00e8re des citoyens europ\u00e9ens<\/strong> pour qu\u2019ils soient ma\u00eetres de leur \u00e9pargne et pour \u00e9viter des comportements \u00e0 risque, tels que des investissements sur des plateformes financi\u00e8res non r\u00e9gul\u00e9es ou dans des actifs dont le risque n\u2019est pas clairement identifi\u00e9&nbsp;;<\/li><li><strong>Responsabilisant les acteurs financiers<\/strong> en les incitant \u00e0 g\u00e9rer les risques de liquidit\u00e9 par type de produits tout en \u00e9vitant une uniformisation des offres et des comportements des g\u00e9rants&nbsp;;<\/li><li><strong>Assurant une bonne coordination des superviseurs<\/strong> nationaux et une <strong>convergence europ\u00e9enne en mati\u00e8re de supervision.<\/strong><\/li><\/ul>\n\n\n\n<p>__________________<\/p>\n<\/div><\/div>\n\n\n\n<p><a href=\"#_ftnref1\">[1]<\/a> Source : Commission europ\u00e9enne \u00ab&nbsp;Rapport de prospective strat\u00e9gique 2023&nbsp;\u00bb &#8211; juillet 2023<\/p>\n\n\n\n<p><a href=\"#_ftnref2\">[2]<\/a> Source&nbsp;: Luxembourg for Finance &nbsp;\u00ab Competitiveness of European financial services&nbsp;\u00bb &#8211; janvier 2024<\/p>\n\n\n\n<p><a href=\"#_ftnref3\">[3]<\/a> Source&nbsp;: EFAMA \u00ab&nbsp;Facts and figures&nbsp;\u00bb &#8211; 21<sup>e<\/sup> \u00e9dition<\/p>\n\n\n\n<p><\/p>\n\n\n\n<div class=\"wp-block-group\"><div class=\"wp-block-group__inner-container is-layout-flow wp-block-group-is-layout-flow\"><\/div><\/div>\n","protected":false},"excerpt":{"rendered":"<p>A l\u2019occasion de sa conf\u00e9rence europ\u00e9enne \u00e0 Bruxelles le 1er f\u00e9vrier, l\u2019AFG publie son manifeste et r\u00e9affirme le r\u00f4le cl\u00e9&hellip;<\/p>\n","protected":false},"author":0,"featured_media":0,"comment_status":"open","ping_status":"closed","sticky":false,"template":"","format":"standard","meta":{"_acf_changed":false,"_gspb_post_css":"","wds_primary_category":0,"footnotes":""},"categories":[5],"tags":[],"thematics":[172],"top_contenu":[],"class_list":["post-109825","post","type-post","status-publish","format-standard","hentry","category-non-classifiee","thematics-umc"],"acf":[],"_links":{"self":[{"href":"https:\/\/www.afg.asso.fr\/fr\/wp-json\/wp\/v2\/posts\/109825","targetHints":{"allow":["GET"]}}],"collection":[{"href":"https:\/\/www.afg.asso.fr\/fr\/wp-json\/wp\/v2\/posts"}],"about":[{"href":"https:\/\/www.afg.asso.fr\/fr\/wp-json\/wp\/v2\/types\/post"}],"replies":[{"embeddable":true,"href":"https:\/\/www.afg.asso.fr\/fr\/wp-json\/wp\/v2\/comments?post=109825"}],"version-history":[{"count":0,"href":"https:\/\/www.afg.asso.fr\/fr\/wp-json\/wp\/v2\/posts\/109825\/revisions"}],"wp:attachment":[{"href":"https:\/\/www.afg.asso.fr\/fr\/wp-json\/wp\/v2\/media?parent=109825"}],"wp:term":[{"taxonomy":"category","embeddable":true,"href":"https:\/\/www.afg.asso.fr\/fr\/wp-json\/wp\/v2\/categories?post=109825"},{"taxonomy":"post_tag","embeddable":true,"href":"https:\/\/www.afg.asso.fr\/fr\/wp-json\/wp\/v2\/tags?post=109825"},{"taxonomy":"thematics","embeddable":true,"href":"https:\/\/www.afg.asso.fr\/fr\/wp-json\/wp\/v2\/thematics?post=109825"},{"taxonomy":"top_contenu","embeddable":true,"href":"https:\/\/www.afg.asso.fr\/fr\/wp-json\/wp\/v2\/top_contenu?post=109825"}],"curies":[{"name":"wp","href":"https:\/\/api.w.org\/{rel}","templated":true}]}}