{"id":109815,"date":"2024-01-16T18:11:28","date_gmt":"2024-01-16T17:11:28","guid":{"rendered":"https:\/\/www.afg.asso.fr\/nouveau-referentiel-du-label-greenfin-integration-de-la-filiere-nucleaire-dans-le-label-greenfin\/"},"modified":"2024-01-16T18:11:28","modified_gmt":"2024-01-16T17:11:28","slug":"nouveau-referentiel-du-label-greenfin-integration-de-la-filiere-nucleaire-dans-le-label-greenfin","status":"publish","type":"post","link":"https:\/\/www.afg.asso.fr\/fr\/nouveau-referentiel-du-label-greenfin-integration-de-la-filiere-nucleaire-dans-le-label-greenfin\/","title":{"rendered":"Nouveau r\u00e9f\u00e9rentiel du Label Greenfin \u2013 int\u00e9gration de la fili\u00e8re nucl\u00e9aire dans le Label Greenfin"},"content":{"rendered":"\n<p>Le 8 janvier 2024, le Minist\u00e8re de la transition \u00e9cologique et de la coh\u00e9sion des territoires a publi\u00e9 au JOUE le <a href=\"https:\/\/fra01.safelinks.protection.outlook.com\/?url=https%3A%2F%2Fwww.ecologie.gouv.fr%2Flabel-greenfin&amp;data=05%7C02%7Cv.mey%40www.afg.asso.fr%7Ca65d097845f749ef8ff008dc16a83512%7C18570703cd134c8fa98760408f80fa42%7C1%7C0%7C638410160437959282%7CUnknown%7CTWFpbGZsb3d8eyJWIjoiMC4wLjAwMDAiLCJQIjoiV2luMzIiLCJBTiI6Ik1haWwiLCJXVCI6Mn0%3D%7C3000%7C%7C%7C&amp;sdata=EPWKdtYUkNnVB5dbusBV3A1r8jB7Xcf2qW39OpLLaFI%3D&amp;reserved=0\">nouveau r\u00e9f\u00e9rentiel du label Greenfin<\/a>. Ce nouveau r\u00e9f\u00e9rentiel prend d\u00e9sormais en compte les <strong><u>\u00e9nergies nucl\u00e9aires<\/u><\/strong> dans ses activit\u00e9s \u00e9ligibles. Ainsi, la fili\u00e8re nucl\u00e9aire n\u2019est plus consid\u00e9r\u00e9e comme exclus \u00e0 hauteur de 5% de CA r\u00e9alis\u00e9 dans les investissements d\u2019un fonds souhaitant \u00eatre labelis\u00e9 Greenfin. Les \u00e9nergies nucl\u00e9aires ont \u00e9t\u00e9 d\u00e9finies comme suit&nbsp;: \u00ab&nbsp;<em>ensemble des activit\u00e9s \u00e9conomiques permettant la production d\u2019\u00e9nergie \u00e0 partir de technologie nucl\u00e9aire, y compris les technologies de cycle des combustibles et de gestion des d\u00e9chets radioactifs (conform\u00e9ment \u00e0 la r\u00e9glementation europ\u00e9enne en vigueur (directive 2011\/70 EURATOM) ou \u00e9quivalent)<\/em>&nbsp;\u00bb.<\/p>\n\n\n\n<p>Le nouveau r\u00e9f\u00e9rentiel du label Greenfin entrera en vigueur quatorze jours apr\u00e8s la date de publication de l\u2019arr\u00eat\u00e9 soit, <strong>le 23 janvier 2024<\/strong>.<\/p>\n","protected":false},"excerpt":{"rendered":"<p>Le 8 janvier 2024, le Minist\u00e8re de la transition \u00e9cologique et de la coh\u00e9sion des territoires a publi\u00e9 au JOUE&hellip;<\/p>\n","protected":false},"author":0,"featured_media":0,"comment_status":"open","ping_status":"closed","sticky":false,"template":"","format":"standard","meta":{"_acf_changed":false,"_gspb_post_css":"","wds_primary_category":0,"footnotes":""},"categories":[5],"tags":[],"thematics":[41],"top_contenu":[],"class_list":["post-109815","post","type-post","status-publish","format-standard","hentry","category-non-classifiee","thematics-finance-durable"],"acf":[],"_links":{"self":[{"href":"https:\/\/www.afg.asso.fr\/fr\/wp-json\/wp\/v2\/posts\/109815","targetHints":{"allow":["GET"]}}],"collection":[{"href":"https:\/\/www.afg.asso.fr\/fr\/wp-json\/wp\/v2\/posts"}],"about":[{"href":"https:\/\/www.afg.asso.fr\/fr\/wp-json\/wp\/v2\/types\/post"}],"replies":[{"embeddable":true,"href":"https:\/\/www.afg.asso.fr\/fr\/wp-json\/wp\/v2\/comments?post=109815"}],"version-history":[{"count":0,"href":"https:\/\/www.afg.asso.fr\/fr\/wp-json\/wp\/v2\/posts\/109815\/revisions"}],"wp:attachment":[{"href":"https:\/\/www.afg.asso.fr\/fr\/wp-json\/wp\/v2\/media?parent=109815"}],"wp:term":[{"taxonomy":"category","embeddable":true,"href":"https:\/\/www.afg.asso.fr\/fr\/wp-json\/wp\/v2\/categories?post=109815"},{"taxonomy":"post_tag","embeddable":true,"href":"https:\/\/www.afg.asso.fr\/fr\/wp-json\/wp\/v2\/tags?post=109815"},{"taxonomy":"thematics","embeddable":true,"href":"https:\/\/www.afg.asso.fr\/fr\/wp-json\/wp\/v2\/thematics?post=109815"},{"taxonomy":"top_contenu","embeddable":true,"href":"https:\/\/www.afg.asso.fr\/fr\/wp-json\/wp\/v2\/top_contenu?post=109815"}],"curies":[{"name":"wp","href":"https:\/\/api.w.org\/{rel}","templated":true}]}}