{"id":109791,"date":"2023-12-15T11:06:29","date_gmt":"2023-12-15T10:06:29","guid":{"rendered":"https:\/\/www.afg.asso.fr\/assouplissement-par-lamf-des-regles-applicables-aux-comites-dinvestissement-et-au-rattachement-des-gerants-financiers-des-sgp\/"},"modified":"2023-12-15T11:06:29","modified_gmt":"2023-12-15T10:06:29","slug":"assouplissement-par-lamf-des-regles-applicables-aux-comites-dinvestissement-et-au-rattachement-des-gerants-financiers-des-sgp","status":"publish","type":"post","link":"https:\/\/www.afg.asso.fr\/fr\/assouplissement-par-lamf-des-regles-applicables-aux-comites-dinvestissement-et-au-rattachement-des-gerants-financiers-des-sgp\/","title":{"rendered":"Assouplissement par l\u2019AMF des r\u00e8gles applicables aux comit\u00e9s d\u2019investissement et au rattachement des g\u00e9rants financiers des SGP"},"content":{"rendered":"\n<p>L\u2019AMF vient de mettre \u00e0 jour sa doctrine 2012-19 relatif au guide d\u2019\u00e9laboration du programme d\u2019activit\u00e9 des SGP et des placements collectifs auto-g\u00e9r\u00e9s en int\u00e9grant un assouplissement concernant les r\u00e8gles de localisation des g\u00e9rants financiers composant les comit\u00e9s d\u2019investissement ainsi qu\u2019aux modalit\u00e9s de rattachement de certains g\u00e9rants financiers \u00e0 la SGP.<\/p>\n\n\n\n<ul class=\"wp-block-list\"><li>Possibilit\u00e9 pour certains g\u00e9rants financiers composant un comit\u00e9 d\u2019investissement d\u2019\u00eatre localis\u00e9s \u00e0 l\u2019\u00e9tranger<\/li><li>Ouverture des modalit\u00e9s de rattachement des g\u00e9rants financiers \u00e0 une SGP<\/li><\/ul>\n\n\n\n<p><a href=\"https:\/\/www.amf-france.org\/fr\/actualites-publications\/actualites\/exigences-applicables-aux-comites-dinvestissement-et-au-rattachement-des-gerants-financiers-des#xtor=EREC-4\" target=\"_blank\" rel=\"noreferrer noopener\">En savoir plus.<\/a><\/p>\n","protected":false},"excerpt":{"rendered":"<p>L\u2019AMF vient de mettre \u00e0 jour sa doctrine 2012-19 relatif au guide d\u2019\u00e9laboration du programme d\u2019activit\u00e9 des SGP et des&hellip;<\/p>\n","protected":false},"author":0,"featured_media":0,"comment_status":"open","ping_status":"closed","sticky":false,"template":"","format":"standard","meta":{"_acf_changed":false,"_gspb_post_css":"","wds_primary_category":0,"footnotes":""},"categories":[5],"tags":[],"thematics":[],"top_contenu":[],"class_list":["post-109791","post","type-post","status-publish","format-standard","hentry","category-non-classifiee"],"acf":[],"_links":{"self":[{"href":"https:\/\/www.afg.asso.fr\/fr\/wp-json\/wp\/v2\/posts\/109791","targetHints":{"allow":["GET"]}}],"collection":[{"href":"https:\/\/www.afg.asso.fr\/fr\/wp-json\/wp\/v2\/posts"}],"about":[{"href":"https:\/\/www.afg.asso.fr\/fr\/wp-json\/wp\/v2\/types\/post"}],"replies":[{"embeddable":true,"href":"https:\/\/www.afg.asso.fr\/fr\/wp-json\/wp\/v2\/comments?post=109791"}],"version-history":[{"count":0,"href":"https:\/\/www.afg.asso.fr\/fr\/wp-json\/wp\/v2\/posts\/109791\/revisions"}],"wp:attachment":[{"href":"https:\/\/www.afg.asso.fr\/fr\/wp-json\/wp\/v2\/media?parent=109791"}],"wp:term":[{"taxonomy":"category","embeddable":true,"href":"https:\/\/www.afg.asso.fr\/fr\/wp-json\/wp\/v2\/categories?post=109791"},{"taxonomy":"post_tag","embeddable":true,"href":"https:\/\/www.afg.asso.fr\/fr\/wp-json\/wp\/v2\/tags?post=109791"},{"taxonomy":"thematics","embeddable":true,"href":"https:\/\/www.afg.asso.fr\/fr\/wp-json\/wp\/v2\/thematics?post=109791"},{"taxonomy":"top_contenu","embeddable":true,"href":"https:\/\/www.afg.asso.fr\/fr\/wp-json\/wp\/v2\/top_contenu?post=109791"}],"curies":[{"name":"wp","href":"https:\/\/api.w.org\/{rel}","templated":true}]}}