{"id":109769,"date":"2023-10-20T09:21:57","date_gmt":"2023-10-20T07:21:57","guid":{"rendered":"https:\/\/www.afg.asso.fr\/notations-esg-position-commune-des-gestionnaires-dactifs-et-des-assureurs-francais-et-allemands-esg-ratings-french-and-german-asset-managers-and-insurers-agree-on-common-position\/"},"modified":"2024-11-27T16:12:50","modified_gmt":"2024-11-27T15:12:50","slug":"notations-esg-position-commune-des-gestionnaires-dactifs-et-des-assureurs-francais-et-allemands-esg-ratings-french-and-german-asset-managers-and-insurers-agree-on-common-position","status":"publish","type":"post","link":"https:\/\/www.afg.asso.fr\/fr\/notations-esg-position-commune-des-gestionnaires-dactifs-et-des-assureurs-francais-et-allemands-esg-ratings-french-and-german-asset-managers-and-insurers-agree-on-common-position\/","title":{"rendered":"Notations ESG : Position commune des gestionnaires d\u2019actifs et des assureurs fran\u00e7ais et allemands"},"content":{"rendered":"\n<p>L\u2019AFG signe <strong><a href=\"https:\/\/www.afg.asso.fr\/fr\/publication\/\/core-positions-of-the-french-and-german-insurance-and-asset-management-industry-on-the-eu-commissions-proposal-for-a-regulation-of-esg-rating-activities\/\" data-type=\"URL\" data-id=\"https:\/\/www.afg.asso.fr\/fr\/publication\/\/core-positions-of-the-french-and-german-insurance-and-asset-management-industry-on-the-eu-commissions-proposal-for-a-regulation-of-esg-rating-activities\/\" target=\"_blank\" rel=\"noreferrer noopener\">un papier de position commun<\/a><\/strong> avec le BVI (association allemande repr\u00e9sentant la gestion d\u2019actifs), le GDV (association allemande repr\u00e9sentant les assureurs) et France Assureurs en r\u00e9ponse au projet de r\u00e8glementation de la Commission europ\u00e9enne sur les notations ESG. Les gestionnaires d\u2019actifs et les assureurs, fran\u00e7ais et allemands, appellent notamment :<\/p>\n\n\n\n<ul class=\"wp-block-list\">\n<li>A l\u2019extension du p\u00e9rim\u00e8tre de la future r\u00e9glementation aux produits de donn\u00e9es ESG, incluant les donn\u00e9es brutes;<\/li>\n\n\n\n<li>Et \u00e0 la clarification du champ des exemptions, devant exclure express\u00e9ment les notations ESG et les produits de donn\u00e9es ESG utilis\u00e9s, fournis ou divulgu\u00e9s dans la continuit\u00e9 ou en compl\u00e9ment d\u2019un produit ou service fourni par une institution financi\u00e8re r\u00e9glement\u00e9e.<\/li>\n<\/ul>\n\n\n\n<p><\/p>\n","protected":false},"excerpt":{"rendered":"<p>L\u2019AFG signe un papier de position commun avec le BVI (association allemande repr\u00e9sentant la gestion d\u2019actifs), le GDV (association allemande&hellip;<\/p>\n","protected":false},"author":6,"featured_media":0,"comment_status":"open","ping_status":"closed","sticky":false,"template":"","format":"standard","meta":{"_acf_changed":false,"_gspb_post_css":"","wds_primary_category":5,"footnotes":""},"categories":[5],"tags":[],"thematics":[192],"top_contenu":[],"class_list":["post-109769","post","type-post","status-publish","format-standard","hentry","category-non-classifiee","thematics-esg"],"acf":[],"_links":{"self":[{"href":"https:\/\/www.afg.asso.fr\/fr\/wp-json\/wp\/v2\/posts\/109769","targetHints":{"allow":["GET"]}}],"collection":[{"href":"https:\/\/www.afg.asso.fr\/fr\/wp-json\/wp\/v2\/posts"}],"about":[{"href":"https:\/\/www.afg.asso.fr\/fr\/wp-json\/wp\/v2\/types\/post"}],"author":[{"embeddable":true,"href":"https:\/\/www.afg.asso.fr\/fr\/wp-json\/wp\/v2\/users\/6"}],"replies":[{"embeddable":true,"href":"https:\/\/www.afg.asso.fr\/fr\/wp-json\/wp\/v2\/comments?post=109769"}],"version-history":[{"count":0,"href":"https:\/\/www.afg.asso.fr\/fr\/wp-json\/wp\/v2\/posts\/109769\/revisions"}],"wp:attachment":[{"href":"https:\/\/www.afg.asso.fr\/fr\/wp-json\/wp\/v2\/media?parent=109769"}],"wp:term":[{"taxonomy":"category","embeddable":true,"href":"https:\/\/www.afg.asso.fr\/fr\/wp-json\/wp\/v2\/categories?post=109769"},{"taxonomy":"post_tag","embeddable":true,"href":"https:\/\/www.afg.asso.fr\/fr\/wp-json\/wp\/v2\/tags?post=109769"},{"taxonomy":"thematics","embeddable":true,"href":"https:\/\/www.afg.asso.fr\/fr\/wp-json\/wp\/v2\/thematics?post=109769"},{"taxonomy":"top_contenu","embeddable":true,"href":"https:\/\/www.afg.asso.fr\/fr\/wp-json\/wp\/v2\/top_contenu?post=109769"}],"curies":[{"name":"wp","href":"https:\/\/api.w.org\/{rel}","templated":true}]}}