{"id":109701,"date":"2023-03-24T12:30:27","date_gmt":"2023-03-24T11:30:27","guid":{"rendered":"https:\/\/www.afg.asso.fr\/table-de-spreads-au-titre-de-mif-ii-et-priips-fevrier-2023\/"},"modified":"2023-03-24T12:30:27","modified_gmt":"2023-03-24T11:30:27","slug":"table-de-spreads-au-titre-de-mif-ii-et-priips-fevrier-2023","status":"publish","type":"post","link":"https:\/\/www.afg.asso.fr\/fr\/table-de-spreads-au-titre-de-mif-ii-et-priips-fevrier-2023\/","title":{"rendered":"Table de spreads au titre de MIF II et PRIIPs \u2013 F\u00e9vrier 2023"},"content":{"rendered":"\n<p>L\u2019AFG publie la table de spreads de\u00a0<span style=\"text-decoration: underline;\"><a href=\"https:\/\/www.afg.asso.fr\/table-de-spreads\/\"><strong>f\u00e9vrier 2023<\/strong><\/a>.<\/span><br>Pour m\u00e9moire, l\u2019AFG publie pour ses adh\u00e9rents une table de demi-spreads servant \u00e0 calculer et afficher les co\u00fbts implicites de transactions au titre de MIF II et PRIIPS. La table est facultative et indicative. Elle est accompagn\u00e9e d\u2019une note explicative.<br><\/p>\n\n\n\n<p>Contact :&nbsp;<a href=\"mailto:g.lasne@afg.asso.fr\">g.lasne@afg.asso.fr<\/a>;&nbsp;<a href=\"mailto:c.laurentie@afg.asso.fr\" data-type=\"mailto\" data-id=\"mailto:c.laurentie@afg.asso.fr\">c.laurentie@afg.asso.fr <\/a><\/p>\n","protected":false},"excerpt":{"rendered":"<p>L\u2019AFG publie la table de spreads de\u00a0f\u00e9vrier 2023.Pour m\u00e9moire, l\u2019AFG publie pour ses adh\u00e9rents une table de demi-spreads servant \u00e0&hellip;<\/p>\n","protected":false},"author":0,"featured_media":0,"comment_status":"open","ping_status":"closed","sticky":false,"template":"","format":"standard","meta":{"_acf_changed":false,"_gspb_post_css":"","wds_primary_category":0,"footnotes":""},"categories":[5],"tags":[],"thematics":[149],"top_contenu":[],"class_list":["post-109701","post","type-post","status-publish","format-standard","hentry","category-non-classifiee","thematics-priips"],"acf":[],"_links":{"self":[{"href":"https:\/\/www.afg.asso.fr\/fr\/wp-json\/wp\/v2\/posts\/109701","targetHints":{"allow":["GET"]}}],"collection":[{"href":"https:\/\/www.afg.asso.fr\/fr\/wp-json\/wp\/v2\/posts"}],"about":[{"href":"https:\/\/www.afg.asso.fr\/fr\/wp-json\/wp\/v2\/types\/post"}],"replies":[{"embeddable":true,"href":"https:\/\/www.afg.asso.fr\/fr\/wp-json\/wp\/v2\/comments?post=109701"}],"version-history":[{"count":0,"href":"https:\/\/www.afg.asso.fr\/fr\/wp-json\/wp\/v2\/posts\/109701\/revisions"}],"wp:attachment":[{"href":"https:\/\/www.afg.asso.fr\/fr\/wp-json\/wp\/v2\/media?parent=109701"}],"wp:term":[{"taxonomy":"category","embeddable":true,"href":"https:\/\/www.afg.asso.fr\/fr\/wp-json\/wp\/v2\/categories?post=109701"},{"taxonomy":"post_tag","embeddable":true,"href":"https:\/\/www.afg.asso.fr\/fr\/wp-json\/wp\/v2\/tags?post=109701"},{"taxonomy":"thematics","embeddable":true,"href":"https:\/\/www.afg.asso.fr\/fr\/wp-json\/wp\/v2\/thematics?post=109701"},{"taxonomy":"top_contenu","embeddable":true,"href":"https:\/\/www.afg.asso.fr\/fr\/wp-json\/wp\/v2\/top_contenu?post=109701"}],"curies":[{"name":"wp","href":"https:\/\/api.w.org\/{rel}","templated":true}]}}