{"id":109693,"date":"2023-03-13T17:47:43","date_gmt":"2023-03-13T16:47:43","guid":{"rendered":"https:\/\/www.afg.asso.fr\/entree-en-vigueur-de-la-prorogation-du-taux-majore-de-25-de-la-reduction-dimpot-ir-pme-jusqua-fin-2023\/"},"modified":"2023-03-13T17:47:43","modified_gmt":"2023-03-13T16:47:43","slug":"entree-en-vigueur-de-la-prorogation-du-taux-majore-de-25-de-la-reduction-dimpot-ir-pme-jusqua-fin-2023","status":"publish","type":"post","link":"https:\/\/www.afg.asso.fr\/fr\/entree-en-vigueur-de-la-prorogation-du-taux-majore-de-25-de-la-reduction-dimpot-ir-pme-jusqua-fin-2023\/","title":{"rendered":"Entr\u00e9e en vigueur de la prorogation du taux major\u00e9 de 25 % de la r\u00e9duction d\u2019imp\u00f4t \u00ab IR-PME \u00bb jusqu&rsquo;\u00e0 fin 2023"},"content":{"rendered":"\n<p>Le <strong><a href=\"https:\/\/www.legifrance.gouv.fr\/download\/pdf?id=P1WmEgfdrC13U14fr4c6LifC2n2JIx8Uaz9MK_h2w_c=\" data-type=\"URL\" data-id=\"https:\/\/www.legifrance.gouv.fr\/download\/pdf?id=P1WmEgfdrC13U14fr4c6LifC2n2JIx8Uaz9MK_h2w_c=\"><span style=\"text-decoration: underline;\">d\u00e9cret n\u00b02023-176<\/span><\/a> <\/strong>fixant la date d\u2019entr\u00e9e en vigueur de la <strong>prorogation de la r\u00e9duction d\u2019imp\u00f4t \u00ab IR-PME \u00bb jusqu\u2019au 31 d\u00e9cembre 2023 <\/strong>a \u00e9t\u00e9 publi\u00e9 au Journal Officiel du 11 mars 2023. <\/p>\n\n\n\n<p>La r\u00e9duction d&rsquo;imp\u00f4t pour souscription en num\u00e9raire au capital des PME s&rsquo;applique ainsi aux <strong>versements effectu\u00e9s \u00e0 compter du 12 mars 2023.<\/strong><\/p>\n\n\n\n<p><\/p>\n","protected":false},"excerpt":{"rendered":"<p>Le d\u00e9cret n\u00b02023-176 fixant la date d\u2019entr\u00e9e en vigueur de la prorogation de la r\u00e9duction d\u2019imp\u00f4t \u00ab IR-PME \u00bb jusqu\u2019au&hellip;<\/p>\n","protected":false},"author":0,"featured_media":0,"comment_status":"open","ping_status":"closed","sticky":false,"template":"","format":"standard","meta":{"_acf_changed":false,"_gspb_post_css":"","wds_primary_category":0,"footnotes":""},"categories":[5],"tags":[],"thematics":[130],"top_contenu":[],"class_list":["post-109693","post","type-post","status-publish","format-standard","hentry","category-non-classifiee","thematics-fiscalite"],"acf":[],"_links":{"self":[{"href":"https:\/\/www.afg.asso.fr\/fr\/wp-json\/wp\/v2\/posts\/109693","targetHints":{"allow":["GET"]}}],"collection":[{"href":"https:\/\/www.afg.asso.fr\/fr\/wp-json\/wp\/v2\/posts"}],"about":[{"href":"https:\/\/www.afg.asso.fr\/fr\/wp-json\/wp\/v2\/types\/post"}],"replies":[{"embeddable":true,"href":"https:\/\/www.afg.asso.fr\/fr\/wp-json\/wp\/v2\/comments?post=109693"}],"version-history":[{"count":0,"href":"https:\/\/www.afg.asso.fr\/fr\/wp-json\/wp\/v2\/posts\/109693\/revisions"}],"wp:attachment":[{"href":"https:\/\/www.afg.asso.fr\/fr\/wp-json\/wp\/v2\/media?parent=109693"}],"wp:term":[{"taxonomy":"category","embeddable":true,"href":"https:\/\/www.afg.asso.fr\/fr\/wp-json\/wp\/v2\/categories?post=109693"},{"taxonomy":"post_tag","embeddable":true,"href":"https:\/\/www.afg.asso.fr\/fr\/wp-json\/wp\/v2\/tags?post=109693"},{"taxonomy":"thematics","embeddable":true,"href":"https:\/\/www.afg.asso.fr\/fr\/wp-json\/wp\/v2\/thematics?post=109693"},{"taxonomy":"top_contenu","embeddable":true,"href":"https:\/\/www.afg.asso.fr\/fr\/wp-json\/wp\/v2\/top_contenu?post=109693"}],"curies":[{"name":"wp","href":"https:\/\/api.w.org\/{rel}","templated":true}]}}