{"id":109685,"date":"2023-02-24T10:56:13","date_gmt":"2023-02-24T09:56:13","guid":{"rendered":"https:\/\/www.afg.asso.fr\/lutte-contre-le-blanchiment-de-capitaux-et-le-financement-du-terrorisme-lamf-applique-les-orientations-de-leba\/"},"modified":"2023-02-24T10:56:13","modified_gmt":"2023-02-24T09:56:13","slug":"lutte-contre-le-blanchiment-de-capitaux-et-le-financement-du-terrorisme-lamf-applique-les-orientations-de-leba","status":"publish","type":"post","link":"https:\/\/www.afg.asso.fr\/fr\/lutte-contre-le-blanchiment-de-capitaux-et-le-financement-du-terrorisme-lamf-applique-les-orientations-de-leba\/","title":{"rendered":"Lutte contre le blanchiment de capitaux et le financement du terrorisme : l&rsquo;AMF applique les orientations de l\u2019EBA"},"content":{"rendered":"\n<p>L\u2019Autorit\u00e9 des march\u00e9s financiers (AMF) a indiqu\u00e9 se conformer aux Orientations de l\u2019EBA sur les politiques et proc\u00e9dures relatives \u00e0 la gestion du respect des obligations et le r\u00f4le du responsable du contr\u00f4le du respect des obligations en mati\u00e8re de lutte contre le blanchiment de capitaux et le financement du terrorisme (LBC\/FT).<\/p>\n\n\n\n<p><br>Ces orientations, qui visent \u00e0 assurer une compr\u00e9hension commune, par les autorit\u00e9s comp\u00e9tentes et les \u00e9tablissements concern\u00e9s et une mise en \u0153uvre ad\u00e9quate des dispositifs de gouvernance interne en mati\u00e8re de LBC\/FT dans toute l&rsquo;Union europ\u00e9enne, conform\u00e9ment aux exigences de la directive europ\u00e9enne relative \u00e0 la pr\u00e9vention de l&rsquo;utilisation du syst\u00e8me financier aux fins du blanchiment de capitaux ou du financement du terrorisme, int\u00e8grent des pr\u00e9cisions quant au r\u00f4le :<\/p>\n\n\n\n<ul class=\"wp-block-list\"><li> <strong>de l\u2019organe de direction en mati\u00e8re de LBC\/FT :<\/strong> Les orientations d\u00e9finissent des attentes quant au r\u00f4le en mati\u00e8re de LBC\/FT de l\u2019organe de direction, dans sa fonction de surveillance et dans sa fonction ex\u00e9cutive. Elles pr\u00e9voient la d\u00e9signation en tant que responsable de la mise en \u0153uvre des lois et r\u00e8glementations en mati\u00e8re de LBC\/FT d\u2019un membre de l\u2019organe de direction ou \u00e0 d\u00e9faut d\u2019un cadre sup\u00e9rieur.<\/li><\/ul>\n\n\n\n<ul class=\"wp-block-list\"><li><strong>du responsable du contr\u00f4le du respect des obligations en mati\u00e8re de LBC\/FT :<\/strong> Les orientations d\u00e9finissent le r\u00f4le et les responsabilit\u00e9s du responsable du contr\u00f4le du respect des obligations en mati\u00e8re de LBC\/FT, les crit\u00e8res de proportionnalit\u00e9 pouvant \u00eatre utilis\u00e9s le cas \u00e9ch\u00e9ant et apportent des pr\u00e9cisions quant aux attentes en cas d\u2019externalisation de ces fonctions.<\/li><\/ul>\n\n\n\n<p><br>Les orientations apportent \u00e9galement des pr\u00e9cisions en mati\u00e8re d\u2018organisation de la fonction de v\u00e9rification de la conformit\u00e9 s\u2019agissant de la lutte contre le blanchiment de capitaux et le financement du terrorisme dans un contexte de groupe.<\/p>\n\n\n\n<p><span style=\"text-decoration: underline;\"><strong><a href=\"https:\/\/www.amf-france.org\/fr\/actualites-publications\/actualites\/lutte-contre-le-blanchiment-de-capitaux-et-le-financement-du-terrorisme-lamf-applique-les\" data-type=\"URL\" data-id=\"https:\/\/www.amf-france.org\/fr\/actualites-publications\/actualites\/lutte-contre-le-blanchiment-de-capitaux-et-le-financement-du-terrorisme-lamf-applique-les\">Plus d&rsquo;informations<\/a>.<\/strong><\/span><\/p>\n","protected":false},"excerpt":{"rendered":"<p>L\u2019Autorit\u00e9 des march\u00e9s financiers (AMF) a indiqu\u00e9 se conformer aux Orientations de l\u2019EBA sur les politiques et proc\u00e9dures relatives \u00e0&hellip;<\/p>\n","protected":false},"author":0,"featured_media":0,"comment_status":"open","ping_status":"closed","sticky":false,"template":"","format":"standard","meta":{"_acf_changed":false,"_gspb_post_css":"","wds_primary_category":0,"footnotes":""},"categories":[5],"tags":[],"thematics":[93],"top_contenu":[],"class_list":["post-109685","post","type-post","status-publish","format-standard","hentry","category-non-classifiee","thematics-lutte_contre_le_blanchiment"],"acf":[],"_links":{"self":[{"href":"https:\/\/www.afg.asso.fr\/fr\/wp-json\/wp\/v2\/posts\/109685","targetHints":{"allow":["GET"]}}],"collection":[{"href":"https:\/\/www.afg.asso.fr\/fr\/wp-json\/wp\/v2\/posts"}],"about":[{"href":"https:\/\/www.afg.asso.fr\/fr\/wp-json\/wp\/v2\/types\/post"}],"replies":[{"embeddable":true,"href":"https:\/\/www.afg.asso.fr\/fr\/wp-json\/wp\/v2\/comments?post=109685"}],"version-history":[{"count":0,"href":"https:\/\/www.afg.asso.fr\/fr\/wp-json\/wp\/v2\/posts\/109685\/revisions"}],"wp:attachment":[{"href":"https:\/\/www.afg.asso.fr\/fr\/wp-json\/wp\/v2\/media?parent=109685"}],"wp:term":[{"taxonomy":"category","embeddable":true,"href":"https:\/\/www.afg.asso.fr\/fr\/wp-json\/wp\/v2\/categories?post=109685"},{"taxonomy":"post_tag","embeddable":true,"href":"https:\/\/www.afg.asso.fr\/fr\/wp-json\/wp\/v2\/tags?post=109685"},{"taxonomy":"thematics","embeddable":true,"href":"https:\/\/www.afg.asso.fr\/fr\/wp-json\/wp\/v2\/thematics?post=109685"},{"taxonomy":"top_contenu","embeddable":true,"href":"https:\/\/www.afg.asso.fr\/fr\/wp-json\/wp\/v2\/top_contenu?post=109685"}],"curies":[{"name":"wp","href":"https:\/\/api.w.org\/{rel}","templated":true}]}}