{"id":109580,"date":"2025-03-03T18:21:00","date_gmt":"2025-03-03T17:21:00","guid":{"rendered":"https:\/\/www.afg.asso.fr\/ukraine-gel-des-avoirs\/"},"modified":"2025-03-06T09:21:41","modified_gmt":"2025-03-06T08:21:41","slug":"ukraine-gel-des-avoirs","status":"publish","type":"post","link":"https:\/\/www.afg.asso.fr\/fr\/ukraine-gel-des-avoirs\/","title":{"rendered":"Ukraine \u2013 Gel des avoirs"},"content":{"rendered":"\n<div class=\"wp-block-group\"><div class=\"wp-block-group__inner-container is-layout-flow wp-block-group-is-layout-flow\">\n<div class=\"wp-block-group\"><div class=\"wp-block-group__inner-container is-layout-flow wp-block-group-is-layout-flow\">\n<p>La Direction g\u00e9n\u00e9rale du Tr\u00e9sor lance un appel \u00e0 vigilance concernant la d\u00e9tention et le contr\u00f4le d&rsquo;une personne morale par une personne physique ou morale sanctionn\u00e9e en application du r\u00e9gime du gel des avoirs mis en place \u00e0 la suite de l\u2019invasion de l\u2019Ukraine.<\/p>\n\n\n\n<p>Cette note\u00a0liste une s\u00e9rie\u00a0(non exhaustive) de personnes qui sont consid\u00e9r\u00e9es comme \u00e9tant d\u00e9tenues ou contr\u00f4l\u00e9es par des entit\u00e9s elle-m\u00eame sanctionn\u00e9es. Cette lettre rappelle notamment la conduite \u00e0 tenir si des op\u00e9rations sont envisag\u00e9es avec de tels acteurs. <br><a href=\"https:\/\/www.tresor.economie.gouv.fr\/services-aux-entreprises\/sanctions-economiques\/russie-en-lien-avec-la-violation-par-la-russie-de-la-souverainete-et-de-l-integrite-territoriale-de-l-ukraine\" data-type=\"link\" data-id=\"https:\/\/www.tresor.economie.gouv.fr\/services-aux-entreprises\/sanctions-economiques\/russie-en-lien-avec-la-violation-par-la-russie-de-la-souverainete-et-de-l-integrite-territoriale-de-l-ukraine\">Consultez la page d\u00e9di\u00e9e sur le site de la Direction du Tr\u00e9sor.<\/a><\/p>\n\n\n\n<p><\/p>\n<\/div><\/div>\n<\/div><\/div>\n\n\n\n<p><\/p>\n","protected":false},"excerpt":{"rendered":"<p>La Direction g\u00e9n\u00e9rale du Tr\u00e9sor lance un appel \u00e0 vigilance concernant la d\u00e9tention et le contr\u00f4le d&rsquo;une personne morale par&hellip;<\/p>\n","protected":false},"author":6,"featured_media":0,"comment_status":"open","ping_status":"closed","sticky":false,"template":"","format":"standard","meta":{"_acf_changed":false,"_gspb_post_css":"","wds_primary_category":5,"footnotes":""},"categories":[5],"tags":[],"thematics":[93],"top_contenu":[],"class_list":["post-109580","post","type-post","status-publish","format-standard","hentry","category-non-classifiee","thematics-lutte_contre_le_blanchiment"],"acf":[],"_links":{"self":[{"href":"https:\/\/www.afg.asso.fr\/fr\/wp-json\/wp\/v2\/posts\/109580","targetHints":{"allow":["GET"]}}],"collection":[{"href":"https:\/\/www.afg.asso.fr\/fr\/wp-json\/wp\/v2\/posts"}],"about":[{"href":"https:\/\/www.afg.asso.fr\/fr\/wp-json\/wp\/v2\/types\/post"}],"author":[{"embeddable":true,"href":"https:\/\/www.afg.asso.fr\/fr\/wp-json\/wp\/v2\/users\/6"}],"replies":[{"embeddable":true,"href":"https:\/\/www.afg.asso.fr\/fr\/wp-json\/wp\/v2\/comments?post=109580"}],"version-history":[{"count":0,"href":"https:\/\/www.afg.asso.fr\/fr\/wp-json\/wp\/v2\/posts\/109580\/revisions"}],"wp:attachment":[{"href":"https:\/\/www.afg.asso.fr\/fr\/wp-json\/wp\/v2\/media?parent=109580"}],"wp:term":[{"taxonomy":"category","embeddable":true,"href":"https:\/\/www.afg.asso.fr\/fr\/wp-json\/wp\/v2\/categories?post=109580"},{"taxonomy":"post_tag","embeddable":true,"href":"https:\/\/www.afg.asso.fr\/fr\/wp-json\/wp\/v2\/tags?post=109580"},{"taxonomy":"thematics","embeddable":true,"href":"https:\/\/www.afg.asso.fr\/fr\/wp-json\/wp\/v2\/thematics?post=109580"},{"taxonomy":"top_contenu","embeddable":true,"href":"https:\/\/www.afg.asso.fr\/fr\/wp-json\/wp\/v2\/top_contenu?post=109580"}],"curies":[{"name":"wp","href":"https:\/\/api.w.org\/{rel}","templated":true}]}}